{"id":681271,"date":"2026-03-11T13:56:04","date_gmt":"2026-03-11T13:56:04","guid":{"rendered":"https:\/\/microscopemedia.com\/?p=681271"},"modified":"2026-03-11T13:56:04","modified_gmt":"2026-03-11T13:56:04","slug":"centura-metropolitana-a-clujului-va-fi-licitata-pe-sase-tronsoane-procedura-reluata-in-urma-unor-suspiciuni-de-frauda-si-furt-de-identitate-electronica-la-licitatie","status":"publish","type":"post","link":"https:\/\/microscopemedia.com\/?p=681271","title":{"rendered":"Centura metropolitan\u0103 a Clujului va fi licitat\u0103 pe \u0219ase tronsoane. Procedura, reluat\u0103 \u00een urma unor suspiciuni de \u201efraud\u0103 \u0219i furt de identitate electronic\u0103 la licita\u021bie\u201d"},"content":{"rendered":"<div><img decoding=\"async\" src=\"https:\/\/microscopemedia.com\/wp-content\/uploads\/2026\/03\/centura-metropolitana-a-clujului-va-fi-licitata-pe-sase-tronsoane-procedura-reluata-in-urma-unor-suspiciuni-de-frauda-si-furt-de-identitate-electronica-la-licitatie.jpg\" class=\"ff-og-image-inserted\"><\/div>\n<p id=\"p-0\">\u00cen cadrul emisiunii Ziua Live, primarul municipiului Cluj-Napoca, Emil Boc, a anun\u021bat c\u0103 proiectul centurii metropolitane a Clujului va fi licitat pe \u0219ase tronsoane. Licita\u021bia va fi reluat\u0103 \u00eentruc\u00e2t contractul anterior pentru tronsonul doi, atribuit c\u0103tre asocierea Dimex-Hydrostroy-Integral a fost denun\u021bat unilateral de municipalitate \u00een urma unor suspiciuni de \u201efraud\u0103 \u0219i furt de identitate electronic\u0103 la licita\u021bie pentru adjudecare\u201d.<\/p>\n<p id=\"p-1\">\u201e\u00cen cazul centurii metropolitane, noi am avut de confruntat o problem\u0103 care nu a mai fost \u00een Rom\u00e2nia. Este vorba de o suspiciune de fraud\u0103 \u0219i furt de identitate electronic\u0103 la licita\u021bie pentru adjudecare. (\u2026) <span class=\"cursor-pointer group\" title=\"Reda\u021bi \u00eencep\u00e2nd de la 9:41\"><span class=\"group-hover:bg-base-200 rounded p-0.5 -m-0.5\" data-start=\"581180\" data-end=\"588980\">legea nou\u0103 ne permite c\u0103 atunci c\u00e2nd ai aceste suspiciuni majore s\u0103 denun\u021bi unilateral un contract<\/span><\/span>\u201d, a spus Boc \u00een cadrul emisiunii.<\/p>\n<p id=\"p-2\">\u00cemp\u0103r\u021birea proiectului centurii metropolitane \u00een mai multe segmente a fost propus\u0103 de speciali\u0219ti pentru a cre\u0219te \u0219ansele ca licita\u021biile s\u0103 genereze un interes mai mare \u00een r\u00e2ndul constructorilor, inclusiv a celor mai mici.<\/p>\n<p id=\"p-3\"><span class=\"cursor-pointer group\" title=\"Reda\u021bi \u00eencep\u00e2nd de la 10:58\"><span class=\"group-hover:bg-base-200 rounded p-0.5 -m-0.5\" data-start=\"657580\" data-end=\"661640\">\u201eNoi am mai \u00eencercat varianta aceasta c\u00e2nd am avut-o pe dou\u0103 loturi \u0219i n-a mers.<\/span><\/span>&nbsp;<span class=\"cursor-pointer group\" title=\"Reda\u021bi \u00eencep\u00e2nd de la 11:02\"><span class=\"group-hover:bg-base-200 rounded p-0.5 -m-0.5\" data-start=\"662360\" data-end=\"665120\">Speciali\u0219tii au venit \u0219i au spus s\u0103 nu facem pe dou\u0103 loturi, ci pe un singur lot.<\/span><\/span>&nbsp;<span class=\"cursor-pointer group\" title=\"Reda\u021bi \u00eencep\u00e2nd de la 11:05\"><span class=\"group-hover:bg-base-200 rounded p-0.5 -m-0.5\" data-start=\"665300\" data-end=\"666080\">Am f\u0103cut pe un singur lot. <\/span><\/span><span class=\"cursor-pointer group\" title=\"Reda\u021bi \u00eencep\u00e2nd de la 11:06\"><span class=\"group-hover:bg-base-200 rounded p-0.5 -m-0.5\" data-start=\"666140\" data-end=\"666980\">Prima dat\u0103 n-a venit nimeni.<\/span><\/span>&nbsp;<span class=\"cursor-pointer group\" title=\"Reda\u021bi \u00eencep\u00e2nd de la 11:07\"><span class=\"group-hover:bg-base-200 rounded p-0.5 -m-0.5\" data-start=\"667120\" data-end=\"669940\">Dup\u0103 aia a venit aceast\u0103 licita\u021bie \u0219i a\u0219a mai departe.<\/span><\/span>&nbsp;<span class=\"cursor-pointer group\" title=\"Reda\u021bi \u00eencep\u00e2nd de la 11:11\"><span class=\"group-hover:bg-base-200 rounded p-0.5 -m-0.5\" data-start=\"671020\" data-end=\"677380\">Acum, dup\u0103 ce am c\u00e2nt\u0103rit toate op\u021biunile cu speciali\u0219tii, recomandarea care a venit a fost s\u0103 facem pe loturi\u201d, a explicat Emil Boc.<\/span><\/span><\/p>\n<h2 id=\"chapter-0\">C\u00e2nd va fi reluat\u0103 licita\u021bia<\/h2>\n<p id=\"p-4\">Potrivit edilului, licita\u021bia va fi reluat\u0103 \u00een 19 martie, cu primul tronson. Ulterior vor fi scoase la licita\u021bie \u0219i celelalte segmente.<\/p>\n<p id=\"p-5\"><span class=\"cursor-pointer group\" title=\"Reda\u021bi \u00eencep\u00e2nd de la 9:56\"><span class=\"group-hover:bg-base-200 rounded p-0.5 -m-0.5\" data-start=\"596340\" data-end=\"600280\">\u201eReluarea licita\u021biei se va face pe tronsoane. <\/span><\/span><span class=\"cursor-pointer group\" title=\"Reda\u021bi \u00eencep\u00e2nd de la 10:01\"><span class=\"group-hover:bg-base-200 rounded p-0.5 -m-0.5 bg-primary\/25 transition-all duration-200\" data-start=\"601360\" data-end=\"604580\" data-active>(\u2026) vor fi \u0219ase tronsoane.<\/span><\/span> (\u2026)&nbsp;<span class=\"cursor-pointer group\" title=\"Reda\u021bi \u00eencep\u00e2nd de la 10:21\"><span class=\"group-hover:bg-base-200 rounded p-0.5 -m-0.5\" data-start=\"620640\" data-end=\"632000\">\u00cen data de 19 martie, cel pu\u021bin un tronson, dac\u0103 nu dou\u0103 chiar, vor fi scoase la licita\u021bie (\u2026). dup\u0103 care periodic tot la o s\u0103pt\u0103m\u00e2n\u0103, la dou\u0103, vor fi \u0219i celelalte tronsoane lansate la licita\u021bie s\u0103 mergem mai departe\u201d, a spus Emil Boc \u00een cadrul emisiunii Ziua Live.&nbsp;<\/span><\/span><\/p>\n<p id=\"p-6\">Primarul ora\u0219ului sus\u021bine c\u0103 noua licita\u021bie nu va fi afectat\u0103 chiar dac\u0103 firma c\u00e2\u0219tig\u0103toare din procedura anterioar\u0103 va decide s\u0103 conteste decizia \u00een instan\u021b\u0103.<\/p>\n<p id=\"p-7\"><span class=\"cursor-pointer group\" title=\"Reda\u021bi \u00eencep\u00e2nd de la 12:12\"><span class=\"group-hover:bg-base-200 rounded p-0.5 -m-0.5 bg-primary\/25 transition-all duration-200\" data-start=\"732040\" data-end=\"736740\" data-active>\u201e\u00cen paralel, vom vedea dac\u0103 vor ataca \u00een instan\u021b\u0103 cei de la Dimex.<\/span><\/span>&nbsp;<span class=\"cursor-pointer group\" title=\"Reda\u021bi \u00eencep\u00e2nd de la 12:17\"><span class=\"group-hover:bg-base-200 rounded p-0.5 -m-0.5\" data-start=\"736940\" data-end=\"740140\">Ne vom ap\u0103ra juridic cu argumentele legale pe care le avem. (\u2026) <span class=\"cursor-pointer group\" title=\"Reda\u021bi \u00eencep\u00e2nd de la 12:28\">Sunt separate alea \u00ee\u0219i urmeaz\u0103 calea lor juridic\u0103 \u0219i noi ne ducem cu proiectul \u0219i \u00eel facem mai departe\u201d, a conchis Emil Boc.&nbsp;<\/span><\/span><\/span><\/p>\n","protected":false},"excerpt":{"rendered":"<p>\u00cen cadrul emisiunii Ziua Live, primarul municipiului Cluj-Napoca, Emil Boc, a anun\u021bat c\u0103 proiectul centurii metropolitane a Clujului va fi licitat pe \u0219ase tronsoane. Licita\u021bia va fi reluat\u0103 \u00eentruc\u00e2t contractul &hellip; <a href=\"https:\/\/microscopemedia.com\/?p=681271\" class=\"more-link\">Read More<\/a><\/p>\n","protected":false},"author":1,"featured_media":681272,"comment_status":"closed","ping_status":"closed","sticky":false,"template":"Default","format":"standard","meta":[],"categories":[1],"tags":[],"_links":{"self":[{"href":"https:\/\/microscopemedia.com\/index.php?rest_route=\/wp\/v2\/posts\/681271"}],"collection":[{"href":"https:\/\/microscopemedia.com\/index.php?rest_route=\/wp\/v2\/posts"}],"about":[{"href":"https:\/\/microscopemedia.com\/index.php?rest_route=\/wp\/v2\/types\/post"}],"author":[{"embeddable":true,"href":"https:\/\/microscopemedia.com\/index.php?rest_route=\/wp\/v2\/users\/1"}],"replies":[{"embeddable":true,"href":"https:\/\/microscopemedia.com\/index.php?rest_route=%2Fwp%2Fv2%2Fcomments&post=681271"}],"version-history":[{"count":0,"href":"https:\/\/microscopemedia.com\/index.php?rest_route=\/wp\/v2\/posts\/681271\/revisions"}],"wp:featuredmedia":[{"embeddable":true,"href":"https:\/\/microscopemedia.com\/index.php?rest_route=\/wp\/v2\/media\/681272"}],"wp:attachment":[{"href":"https:\/\/microscopemedia.com\/index.php?rest_route=%2Fwp%2Fv2%2Fmedia&parent=681271"}],"wp:term":[{"taxonomy":"category","embeddable":true,"href":"https:\/\/microscopemedia.com\/index.php?rest_route=%2Fwp%2Fv2%2Fcategories&post=681271"},{"taxonomy":"post_tag","embeddable":true,"href":"https:\/\/microscopemedia.com\/index.php?rest_route=%2Fwp%2Fv2%2Ftags&post=681271"}],"curies":[{"name":"wp","href":"https:\/\/api.w.org\/{rel}","templated":true}]}}