{"id":681285,"date":"2026-03-11T15:17:03","date_gmt":"2026-03-11T15:17:03","guid":{"rendered":"https:\/\/microscopemedia.com\/?p=681285"},"modified":"2026-03-11T15:17:03","modified_gmt":"2026-03-11T15:17:03","slug":"despre-ce-vor-discuta-joi-la-cotroceni-presedintii-nicusor-dan-si-volodimir-zelenski","status":"publish","type":"post","link":"https:\/\/microscopemedia.com\/?p=681285","title":{"rendered":"Despre ce vor discuta joi la Cotroceni pre\u0219edin\u021bii Nicu\u0219or Dan \u0219i Volodimir Zelenski"},"content":{"rendered":"<div><img decoding=\"async\" src=\"https:\/\/microscopemedia.com\/wp-content\/uploads\/2026\/03\/despre-ce-vor-discuta-joi-la-cotroceni-presedintii-nicusor-dan-si-volodimir-zelenski.jpg\" class=\"ff-og-image-inserted\"><\/div>\n<p id=\"p-0\">Pre\u0219edintele Nicu\u0219or Dan \u00eel va primi joi, la Palatul Cotroceni, pe pre\u0219edintele Ucrainei, Volod\u00eem\u00eer Zelenski, cu prilejul vizitei oficiale pe care acesta o efectueaz\u0103 \u00een Rom\u00e2nia.<br \/>Agenda discu\u021biilor va include teme care s\u0103 faciliteze consolidarea unei rela\u021bii bilaterale cuprinz\u0103toare, constructive, orientate spre viitor, anun\u021b\u0103 Administra\u021bia Preziden\u021bial\u0103.<\/p>\n<p id=\"p-1\">Sursa citat\u0103 arat\u0103 c\u0103 Rom\u00e2nia a oferit, \u00eenc\u0103 din primele zile ale r\u0103zboiului, sprijin multidimensional Ucrainei \u0219i contribuie \u00een prezent la eforturile interna\u021bionale pentru o pace just\u0103 \u0219i durabil\u0103, \u00eenso\u021bit\u0103 de garan\u021bii de securitate solide pentru Ucraina.<\/p>\n<p id=\"p-2\">Discu\u021biile se vor axa pe dezvoltarea dialogului politic, intensificarea cooper\u0103rii economice, cooperarea sectorial\u0103 \u00een domenii precum energia \u0219i industriile de ap\u0103rare, dezvoltarea conectivit\u0103\u021bii \u0219i de proiecte transfrontaliere, \u0219i pe rolul Rom\u00e2niei \u00een procesul de reconstruc\u021bie a Ucrainei.<\/p>\n<p id=\"p-3\">De asemenea, cei doi \u0219efi de stat vor avea un schimb de opinii privind aspecte de actualitate, precum procesul de extindere a Uniunii Europene, rela\u021bia transatlantic\u0103, situa\u021bia de securitate \u00een regiunea M\u0103rii Negre \u0219i evolu\u021biile de ultim\u0103 or\u0103 la nivel regional \u0219i global.<\/p>\n<p id=\"p-4\">De asemenea, Nicu\u0219or Dan se va referi la necesitatea avans\u0103rii dialogului bilateral \u00een domeniul respect\u0103rii drepturilor persoanelor apar\u021bin\u00e2nd minorit\u0103\u021bii rom\u00e2ne din Ucraina, inclusiv dreptul la educa\u021bie \u00een limba matern\u0103.<\/p>\n","protected":false},"excerpt":{"rendered":"<p>Pre\u0219edintele Nicu\u0219or Dan \u00eel va primi joi, la Palatul Cotroceni, pe pre\u0219edintele Ucrainei, Volod\u00eem\u00eer Zelenski, cu prilejul vizitei oficiale pe care acesta o efectueaz\u0103 \u00een Rom\u00e2nia.Agenda discu\u021biilor va include teme &hellip; <a href=\"https:\/\/microscopemedia.com\/?p=681285\" class=\"more-link\">Read More<\/a><\/p>\n","protected":false},"author":1,"featured_media":681286,"comment_status":"closed","ping_status":"closed","sticky":false,"template":"Default","format":"standard","meta":[],"categories":[1],"tags":[],"_links":{"self":[{"href":"https:\/\/microscopemedia.com\/index.php?rest_route=\/wp\/v2\/posts\/681285"}],"collection":[{"href":"https:\/\/microscopemedia.com\/index.php?rest_route=\/wp\/v2\/posts"}],"about":[{"href":"https:\/\/microscopemedia.com\/index.php?rest_route=\/wp\/v2\/types\/post"}],"author":[{"embeddable":true,"href":"https:\/\/microscopemedia.com\/index.php?rest_route=\/wp\/v2\/users\/1"}],"replies":[{"embeddable":true,"href":"https:\/\/microscopemedia.com\/index.php?rest_route=%2Fwp%2Fv2%2Fcomments&post=681285"}],"version-history":[{"count":0,"href":"https:\/\/microscopemedia.com\/index.php?rest_route=\/wp\/v2\/posts\/681285\/revisions"}],"wp:featuredmedia":[{"embeddable":true,"href":"https:\/\/microscopemedia.com\/index.php?rest_route=\/wp\/v2\/media\/681286"}],"wp:attachment":[{"href":"https:\/\/microscopemedia.com\/index.php?rest_route=%2Fwp%2Fv2%2Fmedia&parent=681285"}],"wp:term":[{"taxonomy":"category","embeddable":true,"href":"https:\/\/microscopemedia.com\/index.php?rest_route=%2Fwp%2Fv2%2Fcategories&post=681285"},{"taxonomy":"post_tag","embeddable":true,"href":"https:\/\/microscopemedia.com\/index.php?rest_route=%2Fwp%2Fv2%2Ftags&post=681285"}],"curies":[{"name":"wp","href":"https:\/\/api.w.org\/{rel}","templated":true}]}}