{"id":681295,"date":"2026-03-11T16:26:04","date_gmt":"2026-03-11T16:26:04","guid":{"rendered":"https:\/\/microscopemedia.com\/?p=681295"},"modified":"2026-03-11T16:26:04","modified_gmt":"2026-03-11T16:26:04","slug":"radu-miruta-sporirea-capacitatii-de-aparare-este-o-responsabilitate-nu-un-moft","status":"publish","type":"post","link":"https:\/\/microscopemedia.com\/?p=681295","title":{"rendered":"Radu Miru\u021b\u0103: Sporirea capacit\u0103\u021bii de ap\u0103rare este o responsabilitate, nu un moft"},"content":{"rendered":"<div><img decoding=\"async\" src=\"https:\/\/microscopemedia.com\/wp-content\/uploads\/2026\/03\/radu-miruta-sporirea-capacitatii-de-aparare-este-o-responsabilitate-nu-un-moft.jpg\" class=\"ff-og-image-inserted\"><\/div>\n<p id=\"p-0\">\u201e\u00cen fiecare an, toate cele 32 de \u021b\u0103ri membre NATO, la \u00eenceputul anului, aprob\u0103 propunerea Comandantului Suprem al Armatei NATO, de a gestiona for\u021bele de reac\u021bie rapid\u0103 pe teritoriul na\u021bional. Despre asta este punctul 2 de pe ordinea de zi de ast\u0103zi. Cu privire la ceea ce se pune la vot, la punctul 3 ast\u0103zi, nu este vorba nici de a b\u0103ga Rom\u00e2nia \u00een r\u0103zboi, nu este vorba nici de a deveni \u021bint\u0103, nu este vorba nici de a deveni mai slabi. Probabil c\u0103 de asta sunte\u021bi dumneavoastr\u0103 de la AUR, SOS sup\u0103ra\u021bi ast\u0103zi\u201d, a spus Radu Miru\u021b\u0103.<\/p>\n<p id=\"p-1\">El a spus c\u0103 ceea ce se supune la vot este \u201eo sporire a capacit\u0103\u021bii de ap\u0103rare a Rom\u00e2niei: \u201ePentru a deveni mai puternici, pentru a descuraja mai mult, nu este nevoie doar de militari, nu este nevoie doar de solda\u021bi, ci este nevoie \u0219i de capacit\u0103\u021bi tehnice de ap\u0103rare. Capacit\u0103\u021bile tehnice de ap\u0103rare care vor veni \u00een Rom\u00e2nia \u00een perioada urm\u0103toare, dup\u0103 ce Parlamentul va vota asta, ridic\u0103 gradul de descurajare al celor care se uit\u0103 cu ori sticlo\u0219i spre Rom\u00e2nia\u201d.<\/p>\n<p id=\"p-2\">\u201eProbabil c\u0103 cei de la AUR. de asta sunt deranja\u021bi, pentru c\u0103 devin inconsecven\u021bi (\u2026) Rom\u00e2nia nu este \u021bara care s\u0103 lase capacitatea de ap\u0103rare pe m\u00e2na g\u0103l\u0103giei. Suntem foarte fermi, suntem \u00eentr-o rela\u021bie de parteneriat strategic \u0219i sporirea capacit\u0103\u021bii de ap\u0103rare este o responsabilitate \u0219i nu este un moft\u201d, a mai spus Miru\u021b\u0103.<\/p>\n<p id=\"p-3\">\u201eCe face\u021bi ast\u0103zi? Demonstra\u021bi o incapacitate de a \u00een\u021belege, v\u0103 bate\u021bi joc de rom\u00e2ni fugind de momentul \u00een care pute\u021bi s\u0103 decide\u021bi \u0219i da\u021bi ap\u0103 la moar\u0103 celor care v\u0103 sus\u021bin din afara Rom\u00e2niei\u201d, a mai spus el.<\/p>\n<p id=\"p-4\">\u201e\u00cencurc\u0103 apusul cu r\u0103s\u0103ritul, asta voia dumnealui s\u0103 spun\u0103, nu \u0219tie c\u0103 NATO nu are comandant suprem, nu \u0219tie ni\u0219te chestiuni care sunt de baz\u0103\u201d, a fost replica lui George Simion. Acesta a spus c\u0103 rom\u00e2nii merit\u0103 mai mult.<\/p>\n<p id=\"p-5\">Camera Deputa\u021bilor \u0219i Senatul au votat \u00een \u0219edin\u021b\u0103 comun\u0103 cererea venit\u0103 din partea pre\u0219edintelui Nicu\u0219or Dan ca Statele Unite ale Americii s\u0103 disloce temporar pe teritoriul Rom\u00e2niei echipamente militare \u0219i for\u021be americane, \u00een contextul r\u0103zboiului \u00een desf\u0103\u0219urare din Iran.<\/p>\n","protected":false},"excerpt":{"rendered":"<p>\u201e\u00cen fiecare an, toate cele 32 de \u021b\u0103ri membre NATO, la \u00eenceputul anului, aprob\u0103 propunerea Comandantului Suprem al Armatei NATO, de a gestiona for\u021bele de reac\u021bie rapid\u0103 pe teritoriul na\u021bional. &hellip; <a href=\"https:\/\/microscopemedia.com\/?p=681295\" class=\"more-link\">Read More<\/a><\/p>\n","protected":false},"author":1,"featured_media":681296,"comment_status":"closed","ping_status":"closed","sticky":false,"template":"Default","format":"standard","meta":[],"categories":[1],"tags":[],"_links":{"self":[{"href":"https:\/\/microscopemedia.com\/index.php?rest_route=\/wp\/v2\/posts\/681295"}],"collection":[{"href":"https:\/\/microscopemedia.com\/index.php?rest_route=\/wp\/v2\/posts"}],"about":[{"href":"https:\/\/microscopemedia.com\/index.php?rest_route=\/wp\/v2\/types\/post"}],"author":[{"embeddable":true,"href":"https:\/\/microscopemedia.com\/index.php?rest_route=\/wp\/v2\/users\/1"}],"replies":[{"embeddable":true,"href":"https:\/\/microscopemedia.com\/index.php?rest_route=%2Fwp%2Fv2%2Fcomments&post=681295"}],"version-history":[{"count":0,"href":"https:\/\/microscopemedia.com\/index.php?rest_route=\/wp\/v2\/posts\/681295\/revisions"}],"wp:featuredmedia":[{"embeddable":true,"href":"https:\/\/microscopemedia.com\/index.php?rest_route=\/wp\/v2\/media\/681296"}],"wp:attachment":[{"href":"https:\/\/microscopemedia.com\/index.php?rest_route=%2Fwp%2Fv2%2Fmedia&parent=681295"}],"wp:term":[{"taxonomy":"category","embeddable":true,"href":"https:\/\/microscopemedia.com\/index.php?rest_route=%2Fwp%2Fv2%2Fcategories&post=681295"},{"taxonomy":"post_tag","embeddable":true,"href":"https:\/\/microscopemedia.com\/index.php?rest_route=%2Fwp%2Fv2%2Ftags&post=681295"}],"curies":[{"name":"wp","href":"https:\/\/api.w.org\/{rel}","templated":true}]}}