{"id":681311,"date":"2026-03-11T18:16:03","date_gmt":"2026-03-11T18:16:03","guid":{"rendered":"https:\/\/microscopemedia.com\/?p=681311"},"modified":"2026-03-11T18:16:03","modified_gmt":"2026-03-11T18:16:03","slug":"tu-esti-dependent-de-telefon-de-ce-este-atat-de-greu-sa-te-deconectezi-de-la-retelele-sociale","status":"publish","type":"post","link":"https:\/\/microscopemedia.com\/?p=681311","title":{"rendered":"Tu e\u0219ti dependent de telefon? De ce este at\u00e2t de greu s\u0103 te \u201edeconectezi\u201d de la re\u021belele sociale"},"content":{"rendered":"<div><img decoding=\"async\" src=\"https:\/\/microscopemedia.com\/wp-content\/uploads\/2026\/03\/tu-esti-dependent-de-telefon-de-ce-este-atat-de-greu-sa-te-deconectezi-de-la-retelele-sociale.jpg\" class=\"ff-og-image-inserted\"><\/div>\n<p id=\"p-0\">Acest studiu realizat de <a href=\"https:\/\/Lavanguardia.com\">La Vanguardia<\/a> confirm\u0103 \u0219i rezultatele altor cercet\u0103ri realizate anterior, \u00een care depresia, anxietatea, confuzia sau stima de sine sc\u0103zut\u0103 apar frecvent ca efecte ale imersiunii tinerilor \u0219i adolescen\u021bilor \u00een aceast\u0103 lume digital\u0103. Pentru ei, \u00eens\u0103, aceasta nu este \u201eo alt\u0103 lume\u201d, ci face parte din aceea\u0219i realitate ca lumea fizic\u0103.<\/p>\n<p id=\"p-1\">Aceast\u0103 idee ne ajut\u0103 s\u0103 \u00een\u021belegem for\u021ba uria\u0219\u0103 de atrac\u021bie pe care mass-media \u0219i re\u021belele sociale o exercit\u0103 asupra vie\u021bii tuturor, \u00een special asupra tinerilor \u0219i adolescen\u021bilor, \u0219i explic\u0103 de ce este at\u00e2t de dificil s\u0103 scapi de influen\u021ba lor.<\/p>\n<p id=\"p-2\">Sistemul mediatic \u0219i al re\u021belelor sociale digitale este conceput pentru a fi consumat. De aceea, \u00een loc s\u0103 vorbim despre \u201e<strong>utilizarea\u201d re\u021belelor sociale ar fi s\u0103 vorbim despre \u201econsumul\u201d lor.<\/strong><\/p>\n<p id=\"p-3\">Societatea \u00eens\u0103\u0219i a <strong>devenit o societate a re\u021belelor \u0219i este greu de imaginat, cu excep\u021bia situa\u021biilor de marginalizare sau s\u0103r\u0103cie extrem\u0103, o persoan\u0103 complet \u00een afara acestui sistem<\/strong>. De aceea, nu este at\u00e2t c\u0103 ne \u201eexpunem\u201d re\u021belelor sociale, ci c\u0103 tr\u0103im \u201escufunda\u021bi\u201d \u00een acest ecosistem.<\/p>\n<h2 id=\"chapter-0\">Dependen\u021b\u0103 sau consum compulsiv?<\/h2>\n<p id=\"p-4\">Mul\u021bi autori, \u00een special din domeniul psihologiei, vorbesc despre \u201edependen\u021b\u0103\u201d atunci c\u00e2nd se refer\u0103 la <strong>consumul compulsiv de re\u021bele sociale, cu fluctua\u021biile de dopamin\u0103 pe care le provoac\u0103. Totu\u0219i, termenul nu surprinde \u00eentreaga complexitate a fenomenului<\/strong>.<\/p>\n<p id=\"p-5\">Impactul negativ asupra st\u0103rii de bine \u0219i a echilibrului personal este doar una dintre dimensiuni. Exist\u0103 \u0219i dimensiuni cognitive \u0219i neurologice, dar trebuie luate \u00een considerare \u0219i cele sociologice, industriale, economice, ideologice \u0219i politice.<\/p>\n<p id=\"p-6\">Prin urmare, nu ne confrunt\u0103m doar cu \u201eefecte secundare\u201d ale re\u021belelor sociale asupra tinerilor, ci cu un nou proces de transformare a civiliza\u021biei. To\u021bi ne adapt\u0103m la el printr-un proces continuu de \u00eencercare \u0219i eroare, iar acest fenomen schimb\u0103 modul \u00een care a fost construit\u0103 p\u00e2n\u0103 acum identitatea personal\u0103 \u0219i social\u0103.<\/p>\n<h2 id=\"chapter-1\">Un nou model social, politic \u0219i economic<\/h2>\n<p id=\"p-7\"><strong>Nu putem vorbi doar despre \u201edependen\u021b\u0103\u201d \u00een cazul unei tehnologii care a devenit mediul social \u0219i cultural \u00een care tr\u0103im.<\/strong> Nu po\u021bi fi dependent de un \u00eentreg sistem tehnologic promovat de economie ca parte esen\u021bial\u0103 a mecanismelor de produc\u021bie.<\/p>\n<p id=\"p-8\">La fel, nu po\u021bi fi <strong>dependent de tehnologii pe care statele le promoveaz\u0103 ca model al noii rela\u021bii dintre cet\u0103\u021beni \u0219i administra\u021bie.<\/strong><\/p>\n<p id=\"p-9\">Aceast\u0103 societate \u00een re\u021bea este realitatea \u00een care tr\u0103im, iar platformele de con\u021binut fac parte integrant\u0103 din ea. <strong>Prin acest ecosistem social ne \u00eenscriem la \u0219coal\u0103, ne \u00eenregistr\u0103m la prim\u0103rie, facem program\u0103ri medicale, trimitem bani, cump\u0103r\u0103m haine sau abonamente de transport, organiz\u0103m vacan\u021be sau stabilim \u00eent\u00e2lniri cu al\u021bi oameni.<\/strong><\/p>\n<p id=\"p-10\">Nu po\u021bi spune c\u0103 e\u0219ti dependent de aer doar pentru c\u0103 respiri.<\/p>\n<h2 id=\"chapter-2\">Cum putem evita s\u0103 c\u0103dem \u00een capcan\u0103?<\/h2>\n<p id=\"p-11\">Copiii \u00eencep s\u0103 foloseasc\u0103 re\u021belele sociale \u00een jurul v\u00e2rstei de 12 ani \u0219i petrec \u00een medie patru ore pe zi pe aceste platforme. \u00cen acest timp primesc aproximativ 1.750 de con\u021binuturi diferite, adic\u0103 unul la fiecare zece secunde.<\/p>\n<p id=\"p-12\"><strong>Este un amestec de informa\u021bie, divertisment, publicitate, critic\u0103 social\u0103 \u0219i opinii politice. \u00cen acela\u0219i flux pot vedea imagini ale unei crime petrecute \u00een Minneapolis, \u00eentre un videoclip despre adop\u021bia unor pisici \u0219i un altul care promoveaz\u0103 un bar.<\/strong><\/p>\n<p id=\"p-13\">Este greu de crezut c\u0103 un asemenea nivel de expunere constant\u0103 \u0219i nefiltrat\u0103 nu are efect asupra st\u0103rii emo\u021bionale sau asupra modului \u00een care copiii \u0219i adolescen\u021bii \u00ee\u0219i formeaz\u0103 viziunea despre lume. Dac\u0103 aceasta este realitatea pe care o v\u0103d permanent, este normal s\u0103 o considere \u201erealitatea adev\u0103rat\u0103\u201d.<\/p>\n<p id=\"p-14\">Mai ales c\u0103 g\u00e2ndirea abstract\u0103 se dezvolt\u0103 \u00eentre aproximativ 11 \u0219i 15 ani. \u00cen aceast\u0103 perioad\u0103 se formeaz\u0103 sistemele de valori, capacitatea de analiz\u0103 \u0219i reflec\u021bie profund\u0103. \u00cen acela\u0219i timp, re\u021belele sociale le prezint\u0103 o realitate algoritmic\u0103, controlat\u0103 \u0219i proiectat\u0103 de companii private care urm\u0103resc \u00een primul r\u00e2nd profitul.<\/p>\n<h2 id=\"chapter-3\">Con\u0219tientizare \u0219i legisla\u021bie<\/h2>\n<p id=\"p-15\"><strong>Ne afl\u0103m \u00eentr-o schimbare de epoc\u0103, \u00een care tehnologia \u0219i economia se transform\u0103 rapid. Asemenea Revolu\u021biei Industriale din secolele XVIII \u0219i XIX, aceste transform\u0103ri vor avea consecin\u021be majore asupra organiz\u0103rii sociale \u0219i politice.<\/strong><\/p>\n<p id=\"p-16\">\u00cen fa\u021ba acestor schimb\u0103ri, r\u0103spunsul trebuie s\u0103 fie democratic, global \u0219i coordonat. Familiile \u0219i statele au un rol decisiv.<\/p>\n<p id=\"p-17\">Pe l\u00e2ng\u0103 reglementarea accesului minorilor la re\u021belele sociale, este necesar\u0103 stabilirea unor reguli responsabile pentru companii \u0219i supravegherea modului \u00een care func\u021bioneaz\u0103 algoritmii.<\/p>\n<p id=\"p-18\">Succesul nostru colectiv va depinde \u00een mare m\u0103sur\u0103 de educa\u021bie \u0219i con\u0219tientizare. Acest lucru \u00eencepe \u00een familie, dar trebuie continuat \u0219i \u00een sistemul educa\u021bional, astfel \u00eenc\u00e2t tinerii s\u0103 \u00eenve\u021be s\u0103 gestioneze tehnic \u0219i emo\u021bional aceast\u0103 nou\u0103 lume digital\u0103.<\/p>\n","protected":false},"excerpt":{"rendered":"<p>Acest studiu realizat de La Vanguardia confirm\u0103 \u0219i rezultatele altor cercet\u0103ri realizate anterior, \u00een care depresia, anxietatea, confuzia sau stima de sine sc\u0103zut\u0103 apar frecvent ca efecte ale imersiunii tinerilor &hellip; <a href=\"https:\/\/microscopemedia.com\/?p=681311\" class=\"more-link\">Read More<\/a><\/p>\n","protected":false},"author":1,"featured_media":681312,"comment_status":"closed","ping_status":"closed","sticky":false,"template":"Default","format":"standard","meta":[],"categories":[1],"tags":[],"_links":{"self":[{"href":"https:\/\/microscopemedia.com\/index.php?rest_route=\/wp\/v2\/posts\/681311"}],"collection":[{"href":"https:\/\/microscopemedia.com\/index.php?rest_route=\/wp\/v2\/posts"}],"about":[{"href":"https:\/\/microscopemedia.com\/index.php?rest_route=\/wp\/v2\/types\/post"}],"author":[{"embeddable":true,"href":"https:\/\/microscopemedia.com\/index.php?rest_route=\/wp\/v2\/users\/1"}],"replies":[{"embeddable":true,"href":"https:\/\/microscopemedia.com\/index.php?rest_route=%2Fwp%2Fv2%2Fcomments&post=681311"}],"version-history":[{"count":0,"href":"https:\/\/microscopemedia.com\/index.php?rest_route=\/wp\/v2\/posts\/681311\/revisions"}],"wp:featuredmedia":[{"embeddable":true,"href":"https:\/\/microscopemedia.com\/index.php?rest_route=\/wp\/v2\/media\/681312"}],"wp:attachment":[{"href":"https:\/\/microscopemedia.com\/index.php?rest_route=%2Fwp%2Fv2%2Fmedia&parent=681311"}],"wp:term":[{"taxonomy":"category","embeddable":true,"href":"https:\/\/microscopemedia.com\/index.php?rest_route=%2Fwp%2Fv2%2Fcategories&post=681311"},{"taxonomy":"post_tag","embeddable":true,"href":"https:\/\/microscopemedia.com\/index.php?rest_route=%2Fwp%2Fv2%2Ftags&post=681311"}],"curies":[{"name":"wp","href":"https:\/\/api.w.org\/{rel}","templated":true}]}}