{"id":681317,"date":"2026-03-11T18:46:04","date_gmt":"2026-03-11T18:46:04","guid":{"rendered":"https:\/\/microscopemedia.com\/?p=681317"},"modified":"2026-03-11T18:46:04","modified_gmt":"2026-03-11T18:46:04","slug":"victor-negrescu-despre-decizia-csat-si-dislocarea-de-echipamente-defensive-in-romania-anticipam-solicitarea-venita-dinspre-statele-unite-mi-se-pare-absolut-normal-sprijinul-pentr","status":"publish","type":"post","link":"https:\/\/microscopemedia.com\/?p=681317","title":{"rendered":"Victor Negrescu despre decizia CSAT \u0219i dislocarea de echipamente defensive \u00een Rom\u00e2nia: \u201eAnticipam solicitarea venit\u0103 dinspre Statele Unite. Mi se pare absolut normal\u201d \/ Sprijinul pentru fermieri \u0219i viitorul buget european, printre priorit\u0103\u021bi"},"content":{"rendered":"<div><img decoding=\"async\" src=\"https:\/\/microscopemedia.com\/wp-content\/uploads\/2026\/03\/victor-negrescu-despre-decizia-csat-si-dislocarea-de-echipamente-defensive-in-romania-anticipam-solicitarea-venita-dinspre-statele-unite-mi-se-pare-absolut-normal-sprijinul-pentr.jpg\" class=\"ff-og-image-inserted\"><\/div>\n<p id=\"p-0\"><span>\u00centr-un moment \u00een care Europa se confrunt\u0103 simultan cu presiuni economice, crize sociale \u0219i conflicte geopolitice, dezbaterile din Parlamentul European din aceste zile arat\u0103 c\u00e2t de mare este impactul acestor probleme asupra cet\u0103\u021benilor.<\/span><\/p>\n<p id=\"p-1\"><span>Pornind de la cre\u0219terea costurilor la energie \u0219i dificult\u0103\u021bile fermierilor, \u00een contextul scumpirii carburan\u021bilor, p\u00e2n\u0103 la accesul tot mai dificil la locuin\u021be sau riscurile de securitate din vecin\u0103tatea estic\u0103, eurodeputa\u021bii au cerut, \u00een mod expres, m\u0103suri prin care Uniunea European\u0103 ar putea r\u0103spunde acestor situa\u021bii.<\/span><\/p>\n<p id=\"p-2\"><span>\u00centr-un interviu pentru MEDIAFAX, vicepre\u0219edintele Parlamentului European, Victor Negrescu, spune c\u0103 UE trebuie s\u0103 r\u0103spund\u0103 mai rapid acestor crize \u0219i s\u0103 foloseasc\u0103 instrumentele pe care le are la dispozi\u021bie pentru a proteja cet\u0103\u021benii \u0219i economia.<\/span><\/p>\n<h2 id=\"chapter-0\"><b>Sprijin pentru fermieri \u00een contextul cre\u0219terii pre\u021burilor la carburan\u021bi<\/b><\/h2>\n<p id=\"p-3\"><span>Recent, Victor Negrescu a solicitat Comisiei Europene s\u0103 pun\u0103 \u00een aplicare un mecanism de compensare la nivel european pentru a sprijini fermierii afecta\u021bi de majorarea pre\u021burilor la carburan\u021bi \u00een contextul tensiunilor din Orientul Mijlociu.<\/span><\/p>\n<p id=\"p-4\"><span>\u201eAm cerut Comisiei Europene s\u0103 vin\u0103 cu un r\u0103spuns rapid la situa\u021bia pe care europenii o \u00eent\u00e2mpin\u0103 \u00een prezent, aceast\u0103 cre\u0219tere a costurilor cu privire la carburan\u021bi. \u0218i \u00een sensul acesta am cerut executivului european s\u0103 vin\u0103 cu un r\u0103spuns clar privind suportul pe care inten\u021bioneaz\u0103 s\u0103-l ofere fermierilor europeni care sunt ast\u0103zi puternic afecta\u021bi de aceast\u0103 situa\u021bie.\u201d, a declarat europarlamentarul.&nbsp;<\/span><\/p>\n<p id=\"p-5\"><span>Potrivit acestuia, Uniunea European\u0103 are deja mecanisme financiare care pot fi activate \u00een astfel de situa\u021bii, \u00eens\u0103 acestea trebuie utilizate mai rapid \u0219i mai eficient.<\/span><\/p>\n<p id=\"p-6\"><span>\u201eUniunea European\u0103 are ast\u0103zi un mecanism pentru finan\u021barea unor solu\u021bii de sprijin pentru fermieri din fondul de rezerv\u0103 pe care Europa \u00eel are la dispozi\u021bie pentru astfel de situa\u021bii. Acesta a mai fost folosit \u00een contextul r\u0103zboiului din Ucraina sau \u00een contextul unor calamit\u0103\u021bi naturale, unde au existat fonduri care au fost puse la dispozi\u021bia statelor membre.\u201d, a ad\u0103ugat Negrescu.&nbsp;<\/span><\/p>\n<p id=\"p-7\"><span>\u201eAcest mecanism ar trebui s\u0103 prevad\u0103 ni\u0219te solu\u021bii de sprijin direct pentru fermieri, dar \u0219i posibilitatea de a suplini costurile generate de cre\u0219terea cheltuielilor cu privire la \u00eengr\u0103\u0219\u0103minte, pentru c\u0103 \u0219i aceste produse au avut o cre\u0219tere a costurilor.\u201d, a mai spus europarlamentarul.&nbsp;<\/span><\/p>\n<p id=\"p-8\"><span>Referitor la pozi\u021bia pre\u0219edintelui Comisiei Europene, Ursula von der Leyen, acesta a declarat c\u0103, \u00een cadrul interven\u021biei pe care a avut-o \u00een plenul Parlamentului European, \u201ea vorbit de ajutoare de stat, de astfel de mecanisme \u0219i \u00een sensul acesta vom vedea dac\u0103 acest mecanism va fi folosit doar pentru fermieri, sau \u0219i pentru alte industrii, pentru c\u0103 \u00een mod clar exist\u0103 \u0219i alte industrii afectate.\u201d.<\/span><\/p>\n<h2 id=\"chapter-1\"><b>Riscul cre\u0219terii pre\u021burilor pentru consumatori<\/b><\/h2>\n<p id=\"p-9\"><span>Dac\u0103 m\u0103surile de sprijin nu sunt adoptate rapid la nivel european, efectele ar putea fi resim\u021bite nu doar de fermieri, ci \u0219i de consumatori. \u00cen acest context, europarlamentarul a cerut Comisiei Europene stabilirea unor priorit\u0103\u021bi. <\/span><\/p>\n<p id=\"p-10\"><span>\u201e\u00cen plenul Parlamentului European am cerut acesteia s\u0103 vin\u0103 cu m\u0103suri integrate pentru sprijinirea \u021b\u0103rilor afectate de cre\u0219terea pre\u021bului la energie, pentru c\u0103 este evident c\u0103 e nevoie de o ac\u021biune comun\u0103, de o coordonare \u00eentre statele membre \u0219i \u00een sensul acesta am propus \u0219i c\u00e2teva solu\u021bii.\u201d<\/span><\/p>\n<p id=\"p-11\"><span>\u201eAm solicitat Comisiei Europene s\u0103 combat\u0103 activ specula care \u00een prezent exist\u0103 la nivelul mai multor state membre, la nivelul furnizorilor de carburant, la nivelul acestei industrii \u0219i scopul acestor demersuri este tocmai s\u0103 ne asigur\u0103m c\u0103 nu exist\u0103 cre\u0219terii ale pre\u021burilor f\u0103r\u0103 argumenta\u021bie viabil\u0103.\u201d, a mai declarat Negrescu.&nbsp;<\/span><\/p>\n<p id=\"p-12\"><span>Acesta a spus c\u0103 este optimist c\u0103 liderii europeni, reuni\u021bi s\u0103pt\u0103m\u00e2na viitoare la Bruxelles \u00een cadrul Consiliului European, vor lua o decizie clar\u0103. El se a\u0219teapt\u0103 ca Rom\u00e2nia s\u0103 fie printre \u021b\u0103rile care cer explicit acest lucru \u0219i sper\u0103 ca m\u0103suri de protec\u021bie pentru cet\u0103\u021beni s\u0103 fie luate rapid.<\/span><\/p>\n<h2 id=\"chapter-2\"><b>Criza locuin\u021belor, o problem\u0103 european\u0103<\/b><\/h2>\n<p id=\"p-13\"><span>\u00cen ceea ce prive\u0219te criza locuin\u021belor la nivel european, una dintre temele centrale, de altfel, din aceast\u0103 s\u0103pt\u0103m\u00e2n\u0103 la Strasbourg, \u0219i asupra c\u0103reia Parlamentul European s-a pronun\u021bat deja mar\u021bi, Victor Negrescu afirm\u0103 c\u0103 \u201eatunci c\u00e2nd vorbim de politica de locuire, vorbim de o problem\u0103 european\u0103, pentru c\u0103, din nefericire, din 2010 p\u00e2n\u0103 ast\u0103zi, pre\u021burile locuin\u021belor au crescut \u00een medie la nivel european cu 50%.\u201d.&nbsp;<\/span><\/p>\n<p id=\"p-14\"><span>\u201eRemarc\u0103m, conform statisticilor europene, c\u0103 foarte mul\u021bi tineri au dificult\u0103\u021bi \u00een a-\u0219i achizi\u021biona o locuin\u021b\u0103 sau a pl\u0103ti chiria aferent\u0103 unei locuin\u021be \u00eentr-o zon\u0103 accesibil\u0103 care s\u0103 le ofere oportunit\u0103\u021bile pe care \u0219i le doresc.\u201d, a spus europarlamentarul.&nbsp;<\/span><\/p>\n<p id=\"p-15\"><span>Pentru a r\u0103spunde acestei situa\u021bii, Negrescu sus\u021bine un plan european mai ambi\u021bios pentru locuin\u021be accesibile.&nbsp;<\/span><\/p>\n<p id=\"p-16\"><span>\u201eAm depus un amendament la pozi\u021bia Parlamentului European privind bugetul european pe termen lung prin care cerem ca cel pu\u021bin 25 de miliarde de euro s\u0103 mearg\u0103 c\u0103tre zona de locuin\u021be, <\/span><span>fie construc\u021bia de noi locuin\u021be, fie accesibilizarea lor, fie modernizarea lor, fie locuin\u021be sociale, fie inclusiv proiecte de reabilitare \u0219i proiecte care s\u0103 reduc\u0103 costurile de \u00eentre\u021binere ale locuin\u021belor.\u201d, a declarat Negrescu.<\/span><\/p>\n<p id=\"p-17\"><span>\u201e\u00cen prezent, \u00een politica de coeziune european\u0103, avem o alocare de aproximativ 9 miliarde, nu ar fi foarte dificil s\u0103 ajungem la 20 \u0219i ceva de miliarde \u0219i pentru asta militez aici la nivelul legislativului european.\u201d, a ad\u0103ugat acesta.&nbsp;<\/span><\/p>\n<h2 id=\"chapter-3\">Conflictul din Orientul Mijlociu. Negrescu despre decizia CSAT privind g\u0103zduirea de echipamente militare: Mi se pare absolut normal<\/h2>\n<p id=\"p-18\"><span>Conflictul din Orientul Mijlociu r\u0103m\u00e2ne una dintre cele mai importante teme interna\u021bionale din ultimele s\u0103pt\u0103m\u00e2ni. Referindu-se la atacurile Statelor Unite \u0219i Israelului, Negrescu a spus c\u0103 aceast\u0103 ac\u021biune a venit ca urmare a amenin\u021b\u0103rilor generate de Iran.&nbsp;<\/span><\/p>\n<p id=\"p-19\"><span>\u201ePartenerii americani \u0219i partenerii din Israel au spus c\u0103 aceast\u0103 interven\u021bie a fost necesar\u0103 \u00eentruc\u00e2t Iranul dezvoltase arme periculoase pentru stabilitatea \u00eentregii regiuni. De altfel, Iranul este recunoscut pentru faptul c\u0103 a finan\u021bat grup\u0103ri teroriste \u0219i c\u0103 \u0219i-a oferit suportul direct Federa\u021biei Ruse \u00een r\u0103zboiul cu Ucraina, lucru care reprezint\u0103 inclusiv o amenin\u021bare direct\u0103 pentru Rom\u00e2nia.\u201d, a spus acesta.<\/span><\/p>\n<p id=\"p-20\"><span>\u00cen acest context, Rom\u00e2nia a fost solicitat\u0103 s\u0103 pun\u0103 la dispozi\u021bie baze militare pentru mijloace defensive. Miercuri, \u00een urma deciziei stabilite \u00een cadrul \u0219edin\u021bei CSAT, <\/span><span>pre\u015fedintele Nicu\u015for Dan a anun\u0163at c\u0103 s-a aprobat dislocarea de echipamente \u015fi for\u0163e americane \u00een Rom\u00e2nia. CSAT a anun\u021bat c\u0103 vor fi folosite bazele de la Mihail Kog\u0103lniceanu \u0219i C\u00e2mpia Turzii de c\u0103tre SUA. Tot miercuri, Parlamentul Rom\u00e2niei a \u0219i adoptat aceast\u0103 ini\u021biativ\u0103.<\/span><\/p>\n<p id=\"p-21\"><span>\u201eOarecum anticipam solicitarea venit\u0103 dinspre Statele Unite cu privire la nevoia de a folosi bazele din Rom\u00e2nia. \u0218i a venit aceast\u0103 solicitare pe care CSAT-ul a aprobat-o. Pre\u0219edintele Rom\u00e2niei a spus foarte clar c\u0103 aprob\u0103m aceast\u0103 solicitare pentru mijloace defensive.\u201d, a spus europarlamentarul.<\/span><\/p>\n<p id=\"p-22\"><span>El a ad\u0103ugat c\u0103 este normal ca \u021bara noastr\u0103 s\u0103 r\u0103spund\u0103 astfel solicit\u0103rilor partenerilor, mai ales c\u0103 asemenea decizii consolideaz\u0103 parteneriatele strategice. \u201eDe ce nu poate aceasta reprezenta o oportunitate pentru a \u00eent\u0103ri parteneriatul strategic cu Statele Unite?\u201d<\/span><\/p>\n<p id=\"p-23\"><span>\u00cen acela\u0219i timp, el a afirmat c\u0103 Rom\u00e2nia \u201etrebuie s\u0103 fie concentrat\u0103 pe lucrurile practice \u0219i pragmatice \u0219i s\u0103 protejeze cet\u0103\u021benii, inclusiv s\u0103 se asigure c\u0103 rom\u00e2nii din regiune care vor s\u0103 fie repatria\u021bi, s\u0103 fie repatria\u021bi a\u0219a cum se cuvine.\u201d \u0219i c\u0103 \u201enu putem s\u0103 intr\u0103m \u00eentr-o situa\u021bie de conflict de lung\u0103 durat\u0103.\u201d<\/span><\/p>\n<h2 data-section-id=\"e2luoc\" data-start=\"4004\" data-end=\"4058\" id=\"chapter-4\">Viitorul buget european \u0219i investi\u021biile \u00een educa\u021bie<\/h2>\n<p data-start=\"4060\" data-end=\"4305\" id=\"p-24\">Discu\u021biile privind viitorul buget multianual al Uniunii Europene, pentru perioada 2028-2034, sunt \u00eenc\u0103 \u00een desf\u0103\u0219urare. Victor Negrescu a declarat c\u0103 modul \u00een care va fi construit acest buget va influen\u021ba direc\u021bia Europei pe o perioad\u0103 lung\u0103.<\/p>\n<p data-start=\"4060\" data-end=\"4305\" id=\"p-25\">\u201eViitorul buget european va defini modul \u00een care va ar\u0103ta Uniunea European\u0103 \u00een urm\u0103torii ani\u201d, a explicat el.<\/p>\n<p data-start=\"4060\" data-end=\"4305\" id=\"p-26\">Printre propunerile sale pentru viitorul buget intr\u0103 o list\u0103 important\u0103 de domenii.<\/p>\n<p data-start=\"4060\" data-end=\"4305\" id=\"p-27\">\u201eCer ca \u00een viitorul buget european multianual s\u0103 avem 20% din sume alocate pentru educa\u021bie, formare continu\u0103 \u0219i cre\u0219terea competen\u021belor. <span class=\"cursor-pointer group\" title=\"Reda\u021bi \u00eencep\u00e2nd de la 9:29\"><span class=\"group-hover:bg-base-200 rounded p-0.5 -m-0.5\" data-start=\"569400\" data-end=\"575980\">Ast\u0103zi, \u00een actualul cadru financiar, se aloc\u0103 14%, deci nu ar fi dificil s\u0103 cre\u0219tem la 20%. <\/span><\/span><span class=\"cursor-pointer group\" title=\"Reda\u021bi \u00eencep\u00e2nd de la 9:36\"><span class=\"group-hover:bg-base-200 rounded p-0.5 -m-0.5\" data-start=\"575980\" data-end=\"585140\">Cer, de asemenea, s\u0103 avem un program specific pentru s\u0103n\u0103tate \u0219i s\u0103 putem, din fondurile alocate \u00een anvelopele na\u021bionale, s\u0103 finan\u021b\u0103m \u00een continuare s\u0103n\u0103tatea.<\/span><\/span>&nbsp;<span class=\"cursor-pointer group\" title=\"Reda\u021bi \u00eencep\u00e2nd de la 9:45\"><span class=\"group-hover:bg-base-200 rounded p-0.5 -m-0.5\" data-start=\"585140\" data-end=\"593280\">\u0218i sunt, \u00een sensul acesta, raportorul opiniei Comisiei pentru S\u0103n\u0103tate pentru Programele Na\u021bionale.<\/span><\/span>&nbsp;<span class=\"cursor-pointer group\" title=\"Reda\u021bi \u00eencep\u00e2nd de la 9:54\"><span class=\"group-hover:bg-base-200 rounded p-0.5 -m-0.5\" data-start=\"594060\" data-end=\"598220\">De asemenea, solicit o cre\u0219tere a fundurilor pentru zona de justi\u021bie.\u201d, adaug\u0103 el.<\/span><\/span><\/p>\n<p data-start=\"4060\" data-end=\"4305\" id=\"p-28\">Tot referitor la capitolul justi\u021bie, acesta a spus c\u0103 \u00ee<span class=\"cursor-pointer group\" title=\"Reda\u021bi \u00eencep\u00e2nd de la 9:59\"><span class=\"group-hover:bg-base-200 rounded p-0.5 -m-0.5\" data-start=\"599420\" data-end=\"610540\">n raportul pe care l-a coordonat \u00een Comisia pentru Justi\u021bie, \u201eam reu\u0219it s\u0103 trec o solicitare prin care sumele pentru justi\u021bie se vor tripla.<\/span><\/span>&nbsp;<span class=\"cursor-pointer group\" title=\"Reda\u021bi \u00eencep\u00e2nd de la 10:13\"><span class=\"group-hover:bg-base-200 rounded p-0.5 -m-0.5 bg-primary\/25 transition-all duration-200\" data-start=\"612660\" data-end=\"636520\" data-active>Vorbim de circa 800 milioane de euro care ar merge c\u0103tre aceast\u0103 zon\u0103 de justi\u021bie, acces la justi\u021bie transfrontalier\u0103 \u0219i a\u0219a mai departe, subiecte importante pentru cet\u0103\u021benii, mai ales pentru rom\u00e2nii din diaspora\u201d.<\/span><\/span><\/p>\n<h2 id=\"chapter-5\"><b>Rom\u00e2nia \u0219i rolul strategic \u00een regiunea M\u0103rii Negre<\/b><\/h2>\n<p id=\"p-29\"><span>De cur\u00e2nd, <\/span><span>Victor Negrescu a solicitat o viziune strategic\u0103 mai bun\u0103 \u00een politica de securitate a Rom\u00e2niei, pozi\u021bie pe care \u0219i-o sus\u021bine \u00een continuare. <\/span><span>Comisia pentru Bugete a Parlamentului European a aprobat amendamentul ini\u021biat de acesta, prin care legislativul european cere punerea \u00een func\u021biune a Hub-ului European de Securitate Maritim\u0103 la Marea Neagr\u0103, \u00een cadrul pozi\u021biei sale privind bugetul anual al Uniunii Europene.<\/span><\/p>\n<p id=\"p-30\"><span>\u201eSunt ini\u021biatorul demersului prin care am cerut s\u0103 se creeze Hub-ul European de Securitate Maritim\u0103 la Marea Neagr\u0103 cu sediu la noi \u00een \u021bar\u0103. Am avut mai multe demersuri \u00een acest an \u0219i faptul c\u0103 inclusiv Comisia pentru bugete a Parlamentului European a sprijinit demersul meu confirm\u0103 faptul c\u0103 la nivel european se \u00een\u021belege faptul c\u0103 Marea Neagr\u0103 reprezint\u0103 o zon\u0103 cheie de interes pentru un european. \u0218i asta \u00eemi doresc.\u201d<\/span><\/p>\n<p id=\"p-31\"><span>Proiectul ar avea rolul de a coordona securitatea rutelor comerciale \u0219i de a proteja infrastructura critic\u0103 din regiune. \u201ePrezen\u021ba acestui hub de securitate maritim\u0103 are ca menire s\u0103 protejeze rutele comerciale \u0219i s\u0103 ne asigur\u0103m c\u0103 Marea Neagr\u0103 nu devine din nou un lac rusesc\u201d, a spus Negrescu.<\/span><\/p>\n<p id=\"p-32\"><span>Un astfel de proiect ar consolida at\u00e2t securitatea regional\u0103, c\u00e2t \u0219i pozi\u021bia economic\u0103 a Rom\u00e2niei, declar\u0103 acesta. \u201eAcest hub poate face din Rom\u00e2nia un lider regional viabil, o \u021bar\u0103 care devine furnizor de securitate \u00een regiunea M\u0103rii Negre\u201d.<\/span><\/p>\n","protected":false},"excerpt":{"rendered":"<p>\u00centr-un moment \u00een care Europa se confrunt\u0103 simultan cu presiuni economice, crize sociale \u0219i conflicte geopolitice, dezbaterile din Parlamentul European din aceste zile arat\u0103 c\u00e2t de mare este impactul acestor &hellip; <a href=\"https:\/\/microscopemedia.com\/?p=681317\" class=\"more-link\">Read More<\/a><\/p>\n","protected":false},"author":1,"featured_media":681318,"comment_status":"closed","ping_status":"closed","sticky":false,"template":"Default","format":"standard","meta":[],"categories":[1],"tags":[],"_links":{"self":[{"href":"https:\/\/microscopemedia.com\/index.php?rest_route=\/wp\/v2\/posts\/681317"}],"collection":[{"href":"https:\/\/microscopemedia.com\/index.php?rest_route=\/wp\/v2\/posts"}],"about":[{"href":"https:\/\/microscopemedia.com\/index.php?rest_route=\/wp\/v2\/types\/post"}],"author":[{"embeddable":true,"href":"https:\/\/microscopemedia.com\/index.php?rest_route=\/wp\/v2\/users\/1"}],"replies":[{"embeddable":true,"href":"https:\/\/microscopemedia.com\/index.php?rest_route=%2Fwp%2Fv2%2Fcomments&post=681317"}],"version-history":[{"count":0,"href":"https:\/\/microscopemedia.com\/index.php?rest_route=\/wp\/v2\/posts\/681317\/revisions"}],"wp:featuredmedia":[{"embeddable":true,"href":"https:\/\/microscopemedia.com\/index.php?rest_route=\/wp\/v2\/media\/681318"}],"wp:attachment":[{"href":"https:\/\/microscopemedia.com\/index.php?rest_route=%2Fwp%2Fv2%2Fmedia&parent=681317"}],"wp:term":[{"taxonomy":"category","embeddable":true,"href":"https:\/\/microscopemedia.com\/index.php?rest_route=%2Fwp%2Fv2%2Fcategories&post=681317"},{"taxonomy":"post_tag","embeddable":true,"href":"https:\/\/microscopemedia.com\/index.php?rest_route=%2Fwp%2Fv2%2Ftags&post=681317"}],"curies":[{"name":"wp","href":"https:\/\/api.w.org\/{rel}","templated":true}]}}