{"id":681339,"date":"2026-03-11T21:06:04","date_gmt":"2026-03-11T21:06:04","guid":{"rendered":"https:\/\/microscopemedia.com\/?p=681339"},"modified":"2026-03-11T21:06:04","modified_gmt":"2026-03-11T21:06:04","slug":"ciprian-ciucu-s-a-intalnit-cu-primarul-sectorului-2-pentru-coordonarea-unor-proiecte-de-investitii-in-bucuresti","status":"publish","type":"post","link":"https:\/\/microscopemedia.com\/?p=681339","title":{"rendered":"Ciprian Ciucu s-a \u00eent\u00e2lnit cu primarul Sectorului 2 pentru coordonarea unor proiecte de investi\u021bii \u00een Bucure\u0219ti"},"content":{"rendered":"<div><img decoding=\"async\" src=\"https:\/\/microscopemedia.com\/wp-content\/uploads\/2026\/03\/ciprian-ciucu-s-a-intalnit-cu-primarul-sectorului-2-pentru-coordonarea-unor-proiecte-de-investitii-in-bucuresti.jpg\" class=\"ff-og-image-inserted\"><\/div>\n<p id=\"p-0\">\u201eContinui \u00eent\u00e2lnirile de lucru cu primarii sectoarelor Bucure\u0219tiului. Nu sunt festivisme, ci efectiv ne coordon\u0103m, decidem cine ce face, asum\u0103m termene, discut\u0103m am\u0103nuntele tehnice pentru a debloca sau pentru a ini\u021bia noi proiecte de investi\u021bii \u00een Bucure\u0219ti\u201d, a scris Ciprian Ciucu \u00eentr-o postare pe Facebook.<\/p>\n<p id=\"p-1\">Ciucu a discutat cu primarul Sectorului 2, Rare\u0219 Hopinc\u0103, despre mai multe proiecte de investi\u021bii \u0219i amenajare urban\u0103.<\/p>\n<h2 id=\"chapter-0\">Proiectele discutate<\/h2>\n<p id=\"p-2\">Potrivit acestuia, Prim\u0103ria Sectorului 2 ar urma s\u0103 preia \u00een acest an lucr\u0103rile de \u00eentre\u021binere, cur\u0103\u021bare \u0219i amenajare minimal\u0103 \u00een parcurile Verdi \u0219i Tei.<\/p>\n<p id=\"p-3\">\u201eContinu\u0103m dar cu mai mult\u0103 aten\u021bie pe calitatea lucr\u0103rilor \u0219i regenerarea zonei \u201eMo\u0219ilor vechi\u201d, reconfigurare a 18 str\u0103zi din arealul Bd. Carol I \u2013 str. Sf\u00e2ntul \u0218tefan \u2013 Calea C\u0103l\u0103ra\u0219ilor \u2013 Bd. Corneliu Coposu \u2013 Bd. Hristo Botev. Serviciul de Urbanism din cadrul PMB va sprijini cu solu\u021bii amenaj\u0103ri de pia\u021bete (sectorul 2 are cele mai multe) cu accent pe deschiderea spa\u021biilor c\u0103tre pietoni \u2013 proiect pilot pe pia\u021beta de pe str. Licurg, din fa\u021ba Bisericii Popa Rusu\u201d, a ad\u0103ugat Ciucu.<\/p>\n<p id=\"p-4\">Primarul general a mai men\u021bionat reconfigurarea \u0219oselelor \u0218tefan cel Mare \u0219i Mihai Bravu, proiect care urm\u0103re\u0219te transformarea acestora \u00een spa\u021bii urbane ce integreaz\u0103 traficul auto, transportul public, mobilitatea alternativ\u0103, spa\u021biile verzi \u0219i zonele pietonale.<\/p>\n<p id=\"p-5\">Un alt proiect discutat este nodul intermodal Petricani, care ar urma s\u0103 includ\u0103 extinderea liniei de tramvai \u0219i a liniei de metrou M2, realizarea unui pasaj peste linia de tren \u0219i amenajarea unui sistem \u201epark and ride\u201d.<\/p>\n<p id=\"p-6\">Ciucu a precizat c\u0103 Parcul Circului ar putea fi dat temporar \u00een administrarea Prim\u0103riei Sectorului 2 pentru lucr\u0103ri de reabilitare, urm\u00e2nd ca dup\u0103 finalizarea investi\u021biei s\u0103 revin\u0103 \u00een administrarea Prim\u0103riei Capitalei.<\/p>\n<p id=\"p-7\">\u00cen cadrul \u00eent\u00e2lnirii au mai fost discutate crearea unui nou acces pentru parcarea Arenei Na\u021bionale, amenajarea unei baze sportive \u00een aer liber \u00een zona turnului de para\u0219utism \u0219i realizarea unei promenade de-a lungul canalului Colentina.<\/p>\n","protected":false},"excerpt":{"rendered":"<p>\u201eContinui \u00eent\u00e2lnirile de lucru cu primarii sectoarelor Bucure\u0219tiului. Nu sunt festivisme, ci efectiv ne coordon\u0103m, decidem cine ce face, asum\u0103m termene, discut\u0103m am\u0103nuntele tehnice pentru a debloca sau pentru a &hellip; <a href=\"https:\/\/microscopemedia.com\/?p=681339\" class=\"more-link\">Read More<\/a><\/p>\n","protected":false},"author":1,"featured_media":681340,"comment_status":"closed","ping_status":"closed","sticky":false,"template":"Default","format":"standard","meta":[],"categories":[1],"tags":[],"_links":{"self":[{"href":"https:\/\/microscopemedia.com\/index.php?rest_route=\/wp\/v2\/posts\/681339"}],"collection":[{"href":"https:\/\/microscopemedia.com\/index.php?rest_route=\/wp\/v2\/posts"}],"about":[{"href":"https:\/\/microscopemedia.com\/index.php?rest_route=\/wp\/v2\/types\/post"}],"author":[{"embeddable":true,"href":"https:\/\/microscopemedia.com\/index.php?rest_route=\/wp\/v2\/users\/1"}],"replies":[{"embeddable":true,"href":"https:\/\/microscopemedia.com\/index.php?rest_route=%2Fwp%2Fv2%2Fcomments&post=681339"}],"version-history":[{"count":0,"href":"https:\/\/microscopemedia.com\/index.php?rest_route=\/wp\/v2\/posts\/681339\/revisions"}],"wp:featuredmedia":[{"embeddable":true,"href":"https:\/\/microscopemedia.com\/index.php?rest_route=\/wp\/v2\/media\/681340"}],"wp:attachment":[{"href":"https:\/\/microscopemedia.com\/index.php?rest_route=%2Fwp%2Fv2%2Fmedia&parent=681339"}],"wp:term":[{"taxonomy":"category","embeddable":true,"href":"https:\/\/microscopemedia.com\/index.php?rest_route=%2Fwp%2Fv2%2Fcategories&post=681339"},{"taxonomy":"post_tag","embeddable":true,"href":"https:\/\/microscopemedia.com\/index.php?rest_route=%2Fwp%2Fv2%2Ftags&post=681339"}],"curies":[{"name":"wp","href":"https:\/\/api.w.org\/{rel}","templated":true}]}}