{"id":681347,"date":"2026-03-11T21:56:04","date_gmt":"2026-03-11T21:56:04","guid":{"rendered":"https:\/\/microscopemedia.com\/?p=681347"},"modified":"2026-03-11T21:56:04","modified_gmt":"2026-03-11T21:56:04","slug":"atentionare-de-calatorie-emisa-de-mae-pentru-belgia-greva-nationala-va-perturba-transporturile","status":"publish","type":"post","link":"https:\/\/microscopemedia.com\/?p=681347","title":{"rendered":"Aten\u021bionare de c\u0103l\u0103torie emis\u0103 de MAE pentru Belgia: Greva na\u021bional\u0103 va perturba transporturile"},"content":{"rendered":"<div><img decoding=\"async\" src=\"https:\/\/microscopemedia.com\/wp-content\/uploads\/2026\/03\/atentionare-de-calatorie-emisa-de-mae-pentru-belgia-greva-nationala-va-perturba-transporturile.jpg\" class=\"ff-og-image-inserted\"><\/div>\n<p id=\"p-0\">MAE informeaz\u0103 cet\u0103\u021benii rom\u00e2ni care se afl\u0103, tranziteaz\u0103 sau inten\u021bioneaz\u0103 s\u0103 c\u0103l\u0103toreasc\u0103 \u00een Belgia c\u0103, joi, 12 martie, este anun\u021bat\u0103 o grev\u0103 na\u021bional\u0103.<\/p>\n<p id=\"p-1\">\u00cen acest context sunt a\u0219teptate perturb\u0103ri semnificative ale transportului aerian, feroviar \u0219i rutier \u00een regiunile Bruxelles Capital\u0103, Flandra \u0219i Valonia.<\/p>\n<p id=\"p-2\">MAE recomand\u0103 cet\u0103\u021benilor rom\u00e2ni care inten\u021bioneaz\u0103 s\u0103 c\u0103l\u0103toreasc\u0103 \u00een Belgia s\u0103 urm\u0103reasc\u0103 informa\u021biile actualizate disponibile pe paginile de internet ale aeroporturilor \u0219i companiilor de transport belgiene: https:\/\/www.brusselsairport.be\/en\/passengers, https:\/\/www.brussels-charleroi-airport.com\/en, https:\/\/www.belgiantrain.be\/fr, https:\/\/www.stib-mivb.be\/, https:\/\/www.delijn.be\/en\/,<br \/>https:\/\/www.letec.be.<\/p>\n<p id=\"p-3\">Cet\u0103\u021benii rom\u00e2ni pot solicita asisten\u021b\u0103 consular\u0103 la numerele de telefon ale Ambasadei Rom\u00e2niei la Bruxelles: +32 (0) 234 753 38, +32 (0) 234 416 58, +32 (0) 234 369 35, apelurile fiind redirec\u021bionate c\u0103tre Centrul de Contact \u0219i Suport al Cet\u0103\u021benilor Rom\u00e2ni din Str\u0103in\u0103tate (CCSCRS) \u015fi preluate de c\u0103tre operatorii Call Center \u00een regim de permanen\u021b\u0103.<\/p>\n","protected":false},"excerpt":{"rendered":"<p>MAE informeaz\u0103 cet\u0103\u021benii rom\u00e2ni care se afl\u0103, tranziteaz\u0103 sau inten\u021bioneaz\u0103 s\u0103 c\u0103l\u0103toreasc\u0103 \u00een Belgia c\u0103, joi, 12 martie, este anun\u021bat\u0103 o grev\u0103 na\u021bional\u0103. \u00cen acest context sunt a\u0219teptate perturb\u0103ri semnificative &hellip; <a href=\"https:\/\/microscopemedia.com\/?p=681347\" class=\"more-link\">Read More<\/a><\/p>\n","protected":false},"author":1,"featured_media":681348,"comment_status":"closed","ping_status":"closed","sticky":false,"template":"Default","format":"standard","meta":[],"categories":[1],"tags":[],"_links":{"self":[{"href":"https:\/\/microscopemedia.com\/index.php?rest_route=\/wp\/v2\/posts\/681347"}],"collection":[{"href":"https:\/\/microscopemedia.com\/index.php?rest_route=\/wp\/v2\/posts"}],"about":[{"href":"https:\/\/microscopemedia.com\/index.php?rest_route=\/wp\/v2\/types\/post"}],"author":[{"embeddable":true,"href":"https:\/\/microscopemedia.com\/index.php?rest_route=\/wp\/v2\/users\/1"}],"replies":[{"embeddable":true,"href":"https:\/\/microscopemedia.com\/index.php?rest_route=%2Fwp%2Fv2%2Fcomments&post=681347"}],"version-history":[{"count":0,"href":"https:\/\/microscopemedia.com\/index.php?rest_route=\/wp\/v2\/posts\/681347\/revisions"}],"wp:featuredmedia":[{"embeddable":true,"href":"https:\/\/microscopemedia.com\/index.php?rest_route=\/wp\/v2\/media\/681348"}],"wp:attachment":[{"href":"https:\/\/microscopemedia.com\/index.php?rest_route=%2Fwp%2Fv2%2Fmedia&parent=681347"}],"wp:term":[{"taxonomy":"category","embeddable":true,"href":"https:\/\/microscopemedia.com\/index.php?rest_route=%2Fwp%2Fv2%2Fcategories&post=681347"},{"taxonomy":"post_tag","embeddable":true,"href":"https:\/\/microscopemedia.com\/index.php?rest_route=%2Fwp%2Fv2%2Ftags&post=681347"}],"curies":[{"name":"wp","href":"https:\/\/api.w.org\/{rel}","templated":true}]}}