{"id":681369,"date":"2026-03-12T04:06:04","date_gmt":"2026-03-12T04:06:04","guid":{"rendered":"https:\/\/microscopemedia.com\/?p=681369"},"modified":"2026-03-12T04:06:04","modified_gmt":"2026-03-12T04:06:04","slug":"zelenski-la-bucuresti-pentru-discutii-cu-nicusor-dan-si-ilie-bolojan-pe-agenda-securitatea-la-marea-neagra-reconstructia-ucrainei-si-dosarul-minoritatii-romane","status":"publish","type":"post","link":"https:\/\/microscopemedia.com\/?p=681369","title":{"rendered":"Zelenski la Bucure\u0219ti pentru discu\u021bii cu Nicu\u0219or Dan \u0219i Ilie Bolojan. Pe agend\u0103: securitatea la Marea Neagr\u0103, reconstruc\u021bia Ucrainei \u0219i dosarul minorit\u0103\u021bii rom\u00e2ne"},"content":{"rendered":"<div><img decoding=\"async\" src=\"https:\/\/microscopemedia.com\/wp-content\/uploads\/2026\/03\/zelenski-la-bucuresti-pentru-discutii-cu-nicusor-dan-si-ilie-bolojan-pe-agenda-securitatea-la-marea-neagra-reconstructia-ucrainei-si-dosarul-minoritatii-romane.jpg\" class=\"ff-og-image-inserted\"><\/div>\n<p id=\"p-0\">Partea rom\u00e2n\u0103 a precizat c\u0103 discu\u021bia dintre cei doi lideri \u201eva include teme care s\u0103 faciliteze consolidarea unei rela\u021bii bilaterale cuprinz\u0103toare, constructive, orientate spre viitor\u201d.<\/p>\n<p id=\"p-1\">\u201eDiscu\u021biile se vor axa pe dezvoltarea dialogului politic, intensificarea cooper\u0103rii economice, cooperarea sectorial\u0103 \u00een domenii precum energia \u0219i industriile de ap\u0103rare, dezvoltarea conectivit\u0103\u021bii \u0219i de proiecte transfrontaliere, \u0219i pe rolul Rom\u00e2niei \u00een procesul de reconstruc\u021bie a Ucrainei\u201d, se mai arat\u0103 \u00een comunicatul Cotroceniului.<\/p>\n<p id=\"p-2\">Administra\u021bia Preziden\u021bial\u0103 a spus c\u0103 \u00eentre Nicu\u0219or Dan \u0219i Volodimir Zelenski va avea loc \u0219i \u201eun schimb de opinii privind aspecte de actualitate, precum procesul de extindere a Uniunii Europene, rela\u021bia transatlantic\u0103, situa\u021bia de securitate \u00een regiunea M\u0103rii Negre \u0219i evolu\u021biile de ultim\u0103 or\u0103 la nivel regional \u0219i global\u201d.<\/p>\n<p id=\"p-3\">\u201e\u00cen egal\u0103 m\u0103sur\u0103, Pre\u0219edintele Rom\u00e2niei se va referi la necesitatea avans\u0103rii dialogului bilateral \u00een domeniul respect\u0103rii drepturilor persoanelor apar\u021bin\u00e2nd minorit\u0103\u021bii rom\u00e2ne din Ucraina, inclusiv dreptul la educa\u021bie \u00een limba matern\u0103\u201d, mai noteaz\u0103 Cotroceniul.<\/p>\n<h2 id=\"chapter-0\">\u00cent\u00e2lnire \u0219i cu Bolojan<\/h2>\n<p id=\"p-4\">Pre\u0219edintele Ucrainei se va \u00eent\u00e2lni la Bucure\u0219ti \u0219i cu premierul Ilie Bolojan, a precizat Guvernul Rom\u00e2niei. \u201ePe agenda discu\u021biilor se vor afla teme care privesc cooperarea bilateral\u0103 \u0219i \u00een plan european\u201d, conform comunicatului.<\/p>\n<p id=\"p-5\">Vizita pre\u0219edintelui ucrainean \u00een Rom\u00e2nia va avea loc la o zi dup\u0103 ce Consiliul Suprem de Ap\u0103rare a \u021a\u0103rii (CSAT) a aprobat solicitarea Statelor Unite de a trimite \u00een Rom\u00e2nia trupe suplimentare, avioane de realimentare \u0219i echipamente de monitorizare. Anun\u021bul a fost f\u0103cut de Nicu\u0219or Dan, care a spus c\u0103 aceste echipamente sunt defensive \u0219i i-a asigurat \u201epe rom\u00e2ni c\u0103 nu au motive de \u00eengrijorare\u201d.<\/p>\n<p id=\"p-6\">Vizita lui Zelenski are loc \u00eentr-un moment cu puternic\u0103 \u00eenc\u0103rc\u0103tur\u0103 simbolic\u0103, r\u0103zboiul din Ucraina se apropie de pragul de 1.500 de zile, care va fi atins la \u00eenceputul lunii aprilie.<\/p>\n","protected":false},"excerpt":{"rendered":"<p>Partea rom\u00e2n\u0103 a precizat c\u0103 discu\u021bia dintre cei doi lideri \u201eva include teme care s\u0103 faciliteze consolidarea unei rela\u021bii bilaterale cuprinz\u0103toare, constructive, orientate spre viitor\u201d. \u201eDiscu\u021biile se vor axa pe &hellip; <a href=\"https:\/\/microscopemedia.com\/?p=681369\" class=\"more-link\">Read More<\/a><\/p>\n","protected":false},"author":1,"featured_media":681370,"comment_status":"closed","ping_status":"closed","sticky":false,"template":"Default","format":"standard","meta":[],"categories":[1],"tags":[],"_links":{"self":[{"href":"https:\/\/microscopemedia.com\/index.php?rest_route=\/wp\/v2\/posts\/681369"}],"collection":[{"href":"https:\/\/microscopemedia.com\/index.php?rest_route=\/wp\/v2\/posts"}],"about":[{"href":"https:\/\/microscopemedia.com\/index.php?rest_route=\/wp\/v2\/types\/post"}],"author":[{"embeddable":true,"href":"https:\/\/microscopemedia.com\/index.php?rest_route=\/wp\/v2\/users\/1"}],"replies":[{"embeddable":true,"href":"https:\/\/microscopemedia.com\/index.php?rest_route=%2Fwp%2Fv2%2Fcomments&post=681369"}],"version-history":[{"count":0,"href":"https:\/\/microscopemedia.com\/index.php?rest_route=\/wp\/v2\/posts\/681369\/revisions"}],"wp:featuredmedia":[{"embeddable":true,"href":"https:\/\/microscopemedia.com\/index.php?rest_route=\/wp\/v2\/media\/681370"}],"wp:attachment":[{"href":"https:\/\/microscopemedia.com\/index.php?rest_route=%2Fwp%2Fv2%2Fmedia&parent=681369"}],"wp:term":[{"taxonomy":"category","embeddable":true,"href":"https:\/\/microscopemedia.com\/index.php?rest_route=%2Fwp%2Fv2%2Fcategories&post=681369"},{"taxonomy":"post_tag","embeddable":true,"href":"https:\/\/microscopemedia.com\/index.php?rest_route=%2Fwp%2Fv2%2Ftags&post=681369"}],"curies":[{"name":"wp","href":"https:\/\/api.w.org\/{rel}","templated":true}]}}