{"id":681371,"date":"2026-03-12T04:17:03","date_gmt":"2026-03-12T04:17:03","guid":{"rendered":"https:\/\/microscopemedia.com\/?p=681371"},"modified":"2026-03-12T04:17:03","modified_gmt":"2026-03-12T04:17:03","slug":"romania-trece-la-ora-de-vara-2026-mai-devreme-fata-de-anul-trecut","status":"publish","type":"post","link":"https:\/\/microscopemedia.com\/?p=681371","title":{"rendered":"Rom\u00e2nia trece la ora de var\u0103 2026 mai devreme fa\u021b\u0103 de anul trecut"},"content":{"rendered":"<div><img decoding=\"async\" src=\"https:\/\/microscopemedia.com\/wp-content\/uploads\/2026\/03\/romania-trece-la-ora-de-vara-2026-mai-devreme-fata-de-anul-trecut.jpg\" class=\"ff-og-image-inserted\"><\/div>\n<p align=\"justify\" id=\"p-0\">Ideea orei de vara a ap\u0103rut pentru prima oar\u0103 \u00een anul 1784 la propunerea celebrului om de \u0219tiin\u021b\u0103 Benjamin Franklin. Acesta a scris un eseu \u00een care a expus c\u00e2teva idei pentru economisirea uleiului folosit la l\u0103mpile de iluminat. Una din metode era adaptarea timpului pe parcursul verii.<\/p>\n<p align=\"justify\" id=\"p-1\">Ora de var\u0103 este valabil\u0103 din ultima duminic\u0103 a lunii martie p\u00e2n\u0103 \u00een ultima duminic\u0103 din octombrie, atunci c\u00e2nd se revine la ora de iarn\u0103, ora oficial\u0103 standard. Aceast\u0103 practic\u0103, aplicat\u0103 din 1932 \u0219i folosit\u0103 de peste 100 de \u021b\u0103ri, are ca scop economisirea energiei electrice prin utilizarea optim\u0103 a luminii naturale. De-a lungul anilor au existat discu\u021bii privind renun\u021barea la aceast\u0103 schimbare. Totu\u0219i, nu a fost luat\u0103 o decizie oficial\u0103.<\/p>\n<p align=\"justify\" id=\"p-2\">Rom\u00e2nia va trece la ora de var\u0103 \u00een noaptea de 28 spre 29 martie 2026. Trecerea se va face \u00een noaptea de s\u00e2mb\u0103t\u0103 spre duminic\u0103, iar ora 3.00 va deveni ora 4.00. M\u0103sura are o lung\u0103 istorie \u0219i st\u00e2rne\u0219te numeroase controverse.<\/p>\n<h2 align=\"justify\" id=\"chapter-0\">Povestea orei de var\u0103<\/h2>\n<p align=\"justify\" id=\"p-3\">Pe c\u00e2nd se afl\u0103 la Paris, la v\u00e2rsta de 78 de ani, Franklin a studiat modul \u00een care l\u0103mpile cu ulei produceau lumin\u0103 \u0219i c\u00e2t de eficiente erau acestea. Se spune c\u0103 \u00eentr-o diminea\u021b\u0103 de vara, Benjamin Franklin s-a trezit la ora 6.00 surprins de c\u00e2t de mult\u0103 lumina \u00eei \u00eentra \u00een camera. La \u00eenceput a crezut c\u0103 lumina puternic\u0103 provenea de la l\u0103mpile cu ulei, dar apoi a observat c\u0103 Soarele tocmai r\u0103s\u0103rea.<\/p>\n<p align=\"justify\" id=\"p-4\">Ideea lui Franklin a fost preluat\u0103 de c\u0103tre William Willett, un constructor britanic. El a propus \u00eentr-un pamflet din 1907 s\u0103 se adauge 20 de minute \u00een fiecare duminic\u0103 din aprilie, \u0219i s\u0103 se scad\u0103 aceste minute \u00een duminicile lunii septembrie. \u00cen anul 1908 s-a \u00eencercat introducerea acestei reguli, \u00een Marea Britanie, dar ideea a fost respins\u0103.<\/p>\n<p align=\"justify\" id=\"p-5\">Ideea orei de var\u0103 a fost propus\u0103 \u0219i \u00een 1898 de neo-zeelandezul George Hudson. Scopul s\u0103u era asem\u0103n\u0103tor: alinierea activit\u0103\u021bilor umane cu lumina natural\u0103 pentru a reduce consumul de energie pentru iluminat.<\/p>\n<h2 align=\"justify\" id=\"chapter-1\">\u00cenceputurile orei de var\u0103<\/h2>\n<p align=\"justify\" id=\"p-6\">Primii care au introdus ora de vara au fost germanii, \u00een anul 1916. Au urmat britanicii care au introdus ora de vara tot \u00een 1916, dar \u00eentr-o perioad\u0103 diferit\u0103. Alte \u021b\u0103ri care au introdus ora de vara au fost Belgia, Danemarca, Fran\u021ba, Italia, Luxemburg, Olanda, Norvegia, Portugalia, Suedia, Turcia \u0219i Tasmania.<\/p>\n<p align=\"justify\" id=\"p-7\">Pe 19 martie 1918, m\u0103sura s-a introdus \u0219i \u00een Statele Unite dar a fost folosit\u0103 doar p\u00e2n\u0103 \u00een 1919. Din cauza opozi\u021biei fermierilor s-a renun\u021bat la ora de var\u0103. Cea mai mare confuzie a fost \u00een SUA unde fiecare stat avea propria regul\u0103 de introducere a orei de var\u0103, situa\u021bie ce s-a men\u021binut p\u00e2n\u0103 \u00een 1966.<\/p>\n<p align=\"justify\" id=\"p-8\">\u00cen prezent ora de var\u0103 nu este folosit\u0103 \u00een \u021b\u0103rile de la Ecuator \u0219i de la tropicul Capricornului. De asemenea, dou\u0103 \u021b\u0103ri importante, Japonia \u0219i China, nu folosesc ora de var\u0103.<\/p>\n<p align=\"justify\" id=\"p-9\">\u00cen Rom\u00e2nia a fost introdus\u0103 prima oar\u0103 \u00een 1932 \u00eentre 22 mai \u0219i 2 octombrie. Din 1933 \u0219i p\u00e2n\u0103 \u00een 1940 s-a renun\u021bat la acest obicei. Ulterior, ora de var\u0103 a fost introdus\u0103 \u00een prima duminic\u0103 din aprilie p\u00e2n\u0103 \u00een prima duminic\u0103 a lui octombrie. Forma actual\u0103 a regulii orei de var\u0103 este \u00een vigoare din 1997.<\/p>\n","protected":false},"excerpt":{"rendered":"<p>Ideea orei de vara a ap\u0103rut pentru prima oar\u0103 \u00een anul 1784 la propunerea celebrului om de \u0219tiin\u021b\u0103 Benjamin Franklin. Acesta a scris un eseu \u00een care a expus c\u00e2teva &hellip; <a href=\"https:\/\/microscopemedia.com\/?p=681371\" class=\"more-link\">Read More<\/a><\/p>\n","protected":false},"author":1,"featured_media":681372,"comment_status":"closed","ping_status":"closed","sticky":false,"template":"Default","format":"standard","meta":[],"categories":[1],"tags":[],"_links":{"self":[{"href":"https:\/\/microscopemedia.com\/index.php?rest_route=\/wp\/v2\/posts\/681371"}],"collection":[{"href":"https:\/\/microscopemedia.com\/index.php?rest_route=\/wp\/v2\/posts"}],"about":[{"href":"https:\/\/microscopemedia.com\/index.php?rest_route=\/wp\/v2\/types\/post"}],"author":[{"embeddable":true,"href":"https:\/\/microscopemedia.com\/index.php?rest_route=\/wp\/v2\/users\/1"}],"replies":[{"embeddable":true,"href":"https:\/\/microscopemedia.com\/index.php?rest_route=%2Fwp%2Fv2%2Fcomments&post=681371"}],"version-history":[{"count":0,"href":"https:\/\/microscopemedia.com\/index.php?rest_route=\/wp\/v2\/posts\/681371\/revisions"}],"wp:featuredmedia":[{"embeddable":true,"href":"https:\/\/microscopemedia.com\/index.php?rest_route=\/wp\/v2\/media\/681372"}],"wp:attachment":[{"href":"https:\/\/microscopemedia.com\/index.php?rest_route=%2Fwp%2Fv2%2Fmedia&parent=681371"}],"wp:term":[{"taxonomy":"category","embeddable":true,"href":"https:\/\/microscopemedia.com\/index.php?rest_route=%2Fwp%2Fv2%2Fcategories&post=681371"},{"taxonomy":"post_tag","embeddable":true,"href":"https:\/\/microscopemedia.com\/index.php?rest_route=%2Fwp%2Fv2%2Ftags&post=681371"}],"curies":[{"name":"wp","href":"https:\/\/api.w.org\/{rel}","templated":true}]}}