{"id":681373,"date":"2026-03-12T04:46:04","date_gmt":"2026-03-12T04:46:04","guid":{"rendered":"https:\/\/microscopemedia.com\/?p=681373"},"modified":"2026-03-12T04:46:04","modified_gmt":"2026-03-12T04:46:04","slug":"spania-isi-demite-oficial-ambasadorul-din-israel-pe-fondul-tensiunilor-diplomatice-cu-tel-aviv","status":"publish","type":"post","link":"https:\/\/microscopemedia.com\/?p=681373","title":{"rendered":"Spania \u00ee\u0219i demite oficial ambasadorul din Israel pe fondul tensiunilor diplomatice cu Tel Aviv"},"content":{"rendered":"<div><img decoding=\"async\" src=\"https:\/\/microscopemedia.com\/wp-content\/uploads\/2026\/03\/spania-isi-demite-oficial-ambasadorul-din-israel-pe-fondul-tensiunilor-diplomatice-cu-tel-aviv.jpg\" class=\"ff-og-image-inserted\"><\/div>\n<p id=\"p-0\">Guvernul de la Madrid a anun\u021bat oficial demiterea ambasadoarei Spaniei \u00een Israel, Ana S\u00e1lomon, printr-un decret publicat \u00een jurnalul oficial al statului. Decizia a fost aprobat\u0103 \u00een cadrul ultimei \u0219edin\u021be a Consiliului de Mini\u0219tri. Astfel se confirm\u0103 faptul c\u0103 ambasada Spaniei la Tel Aviv va func\u021biona f\u0103r\u0103 ambasador. Misiunea diplomatic\u0103 va fi condus\u0103 de acum \u00eenainte de un \u00eens\u0103rcinat cu afaceri, rang diplomatic inferior, arat\u0103 <a href=\"https:\/\/www.euronews.com\/2026\/03\/11\/spain-formally-dismisses-ambassador-to-israel-amid-tensions-with-tel-aviv\" target=\"_blank\" rel=\"noopener\">Euronews.<\/a><\/p>\n<h2 id=\"chapter-0\">O m\u0103sur\u0103 considerat\u0103 reciproc\u0103 fa\u021b\u0103 de Israel<\/h2>\n<p id=\"p-1\">Hot\u0103r\u00e2rea este interpretat\u0103 ca un gest de reciprocitate dup\u0103 ce Israelul a adoptat o m\u0103sur\u0103 similar\u0103 \u00een rela\u021bia cu Madridul. Israelul nu mai are ambasador \u00een Spania din 2024, dup\u0103 ce guvernul israelian \u0219i-a retras reprezentantul diplomatic de la Madrid \u00een urma deciziei Spaniei de a recunoa\u0219te statul palestinian. De atunci, misiunea diplomatic\u0103 israelian\u0103 din capitala spaniol\u0103 este condus\u0103 de un \u00eens\u0103rcinat cu afaceri. Ana S\u00e1lomon fusese rechemat\u0103 la Madrid pentru consult\u0103ri \u00een septembrie 2025. La acea dat\u0103, premierul spaniol Pedro S\u00e1nchez a anun\u021bat m\u0103suri pentru a opri ceea ce el a descris drept un \u201egenocid \u00een Gaza\u201d.<\/p>\n<p id=\"p-2\">\u00cen acel moment, rela\u021biile dintre cele dou\u0103 state s-au deteriorat puternic.<\/p>\n<h2 id=\"chapter-1\">Rela\u021biile dintre Madrid \u0219i Tel Aviv, la un nivel foarte sc\u0103zut<\/h2>\n<p id=\"p-3\">Dup\u0103 declara\u021biile lui S\u00e1nchez, ministrul israelian de externe Gideon Saar l-a acuzat pe premierul spaniol de antisemitism. Apoi a interzis accesul \u00een Israel pentru doi mini\u0219tri spanioli. Aceste m\u0103suri au amplificat tensiunile diplomatice dintre cele dou\u0103 \u021b\u0103ri, deja afectate de pozi\u021biile divergente privind conflictul israeliano-palestinian. \u00cen prezent, rela\u021biile dintre Spania \u0219i <a href=\"https:\/\/www.mediafax.ro\/stirile-zilei\/trump-se-cearta-cu-presedintele-israelului-pentru-ca-nu-il-gratiaza-pe-netanyahu-este-slab-si-patetic-vreau-ca-bibi-sa-fie-concentrat-pe-razboi-23701277\" target=\"_blank\" rel=\"noopener\">Israel<\/a> se afl\u0103 la unul dintre cele mai sc\u0103zute niveluri din ultimii ani, ambele state men\u021bin\u00e2nd reprezentarea diplomatic\u0103 doar la nivel de \u00eens\u0103rcinat cu afaceri.<\/p>\n","protected":false},"excerpt":{"rendered":"<p>Guvernul de la Madrid a anun\u021bat oficial demiterea ambasadoarei Spaniei \u00een Israel, Ana S\u00e1lomon, printr-un decret publicat \u00een jurnalul oficial al statului. Decizia a fost aprobat\u0103 \u00een cadrul ultimei \u0219edin\u021be &hellip; <a href=\"https:\/\/microscopemedia.com\/?p=681373\" class=\"more-link\">Read More<\/a><\/p>\n","protected":false},"author":1,"featured_media":681374,"comment_status":"closed","ping_status":"closed","sticky":false,"template":"Default","format":"standard","meta":[],"categories":[1],"tags":[],"_links":{"self":[{"href":"https:\/\/microscopemedia.com\/index.php?rest_route=\/wp\/v2\/posts\/681373"}],"collection":[{"href":"https:\/\/microscopemedia.com\/index.php?rest_route=\/wp\/v2\/posts"}],"about":[{"href":"https:\/\/microscopemedia.com\/index.php?rest_route=\/wp\/v2\/types\/post"}],"author":[{"embeddable":true,"href":"https:\/\/microscopemedia.com\/index.php?rest_route=\/wp\/v2\/users\/1"}],"replies":[{"embeddable":true,"href":"https:\/\/microscopemedia.com\/index.php?rest_route=%2Fwp%2Fv2%2Fcomments&post=681373"}],"version-history":[{"count":0,"href":"https:\/\/microscopemedia.com\/index.php?rest_route=\/wp\/v2\/posts\/681373\/revisions"}],"wp:featuredmedia":[{"embeddable":true,"href":"https:\/\/microscopemedia.com\/index.php?rest_route=\/wp\/v2\/media\/681374"}],"wp:attachment":[{"href":"https:\/\/microscopemedia.com\/index.php?rest_route=%2Fwp%2Fv2%2Fmedia&parent=681373"}],"wp:term":[{"taxonomy":"category","embeddable":true,"href":"https:\/\/microscopemedia.com\/index.php?rest_route=%2Fwp%2Fv2%2Fcategories&post=681373"},{"taxonomy":"post_tag","embeddable":true,"href":"https:\/\/microscopemedia.com\/index.php?rest_route=%2Fwp%2Fv2%2Ftags&post=681373"}],"curies":[{"name":"wp","href":"https:\/\/api.w.org\/{rel}","templated":true}]}}