{"id":681375,"date":"2026-03-12T05:06:04","date_gmt":"2026-03-12T05:06:04","guid":{"rendered":"https:\/\/microscopemedia.com\/?p=681375"},"modified":"2026-03-12T05:06:04","modified_gmt":"2026-03-12T05:06:04","slug":"serbia-si-albania-propun-aderarea-treptata-la-ue-fara-drept-de-veto","status":"publish","type":"post","link":"https:\/\/microscopemedia.com\/?p=681375","title":{"rendered":"Serbia \u0219i Albania propun aderarea treptat\u0103 la UE, f\u0103r\u0103 drept de veto"},"content":{"rendered":"<div><img decoding=\"async\" src=\"https:\/\/microscopemedia.com\/wp-content\/uploads\/2026\/03\/serbia-si-albania-propun-aderarea-treptata-la-ue-fara-drept-de-veto.jpg\" class=\"ff-og-image-inserted\"><\/div>\n<p id=\"p-0\">\u00centr-un articol publicat \u00een cotidianul german Frankfurter Allgemeine Zeitung, liderii Serbiei \u0219i Albaniei au prezentat ceea ce au numit o \u201ecale realist\u0103 c\u0103tre Uniunea European\u0103\u201d. Propunerea lor prevede o integrare gradual\u0103 \u00een pia\u021ba unic\u0103 european\u0103 \u0219i \u00een spa\u021biul Schengen, \u00eenainte de aderarea deplin\u0103 la UE, arat\u0103 <a href=\"https:\/\/www.euronews.com\/2026\/03\/11\/serbia-and-albania-issue-joint-text-on-eu-accession-without-veto\" target=\"_blank\" rel=\"noopener\">Euronews<\/a>.<\/p>\n<p id=\"p-1\">\u00cen aceast\u0103 etap\u0103 intermediar\u0103, cele dou\u0103 state nu ar avea \u00eens\u0103 comisari europeni, eurodeputa\u021bi \u00een Parlamentul European sau drept de veto \u00een deciziile Uniunii. Toate aceste drepturi sunt acordate doar statelor membre cu statut deplin.<\/p>\n<h2 id=\"chapter-0\">O \u00eencercare de relansare a extinderii UE<\/h2>\n<p id=\"p-2\">Procesul de aderare al \u021b\u0103rilor din Balcanii de Vest la Uniunea European\u0103 stagneaz\u0103 de mai mul\u021bi ani. Principal\u0103 problem\u0103 este progresul lent \u00een domenii precum statul de drept, combaterea corup\u021biei, libertatea presei \u0219i reforma sistemului judiciar. Vu\u010di\u0107 \u0219i Rama consider\u0103 c\u0103 un model de integrare gradual\u0103 ar putea revigora procesul de extindere al UE \u0219i ar contribui la stabilitatea regiunii. \u00cen opinia lor, Balcanii de Vest reprezint\u0103 \u201eo nou\u0103 linie de front pentru investi\u021bii \u00een consolidarea Uniunii Europene\u201d.<\/p>\n<p id=\"p-3\">Liderii celor dou\u0103 state sus\u021bin c\u0103 integrarea treptat\u0103 a \u021b\u0103rilor preg\u0103tite \u00een pia\u021ba unic\u0103 \u0219i \u00een spa\u021biul Schengen ar putea \u00eent\u0103ri pozi\u021bia economic\u0103 \u0219i geopolitic\u0103 a UE. Potrivit acestora, aceast\u0103 abordare ar permite extinderea cooper\u0103rii f\u0103r\u0103 a afecta mecanismele decizionale ale Uniunii.<\/p>\n<h2 id=\"chapter-1\">Negocierile de aderare r\u0103m\u00e2n blocate<\/h2>\n<p id=\"p-4\">Serbia a depus cererea de aderare la UE \u00eenc\u0103 din 2009, \u00eens\u0103 negocierile au stagnat \u00een ultimii ani. Bruxellesul a exprimat \u00een repetate r\u00e2nduri \u00eengrijor\u0103ri legate de statul de drept, libertatea presei \u0219i politica extern\u0103 a Belgradului, inclusiv rela\u021biile cu Rusia. \u00cen cazul Albaniei, <a href=\"https:\/\/www.mediafax.ro\/externe\/proteste-violente-in-capitala-albaniei-manifestantii-cer-demisia-unui-oficial-al-guvernului-aflat-in-centrul-unui-scandal-de-coruptie-23684948\" target=\"_blank\" rel=\"noopener\">autorit\u0103\u021bile de la Tirana<\/a> sper\u0103 s\u0103 finalizeze negocierile de aderare \u00een urm\u0103torii ani \u0219i s\u0103 devin\u0103 membru cu drepturi depline al Uniunii p\u00e2n\u0103 \u00een 2030. Premierul Edi Rama a declarat anterior c\u0103 aceast\u0103 dat\u0103 nu este \u201eun vis\u201d, ci un obiectiv realist, bazat pe progresele f\u0103cute \u00een reforme \u0219i \u00een lupta \u00eempotriva corup\u021biei.<\/p>\n","protected":false},"excerpt":{"rendered":"<p>\u00centr-un articol publicat \u00een cotidianul german Frankfurter Allgemeine Zeitung, liderii Serbiei \u0219i Albaniei au prezentat ceea ce au numit o \u201ecale realist\u0103 c\u0103tre Uniunea European\u0103\u201d. Propunerea lor prevede o integrare &hellip; <a href=\"https:\/\/microscopemedia.com\/?p=681375\" class=\"more-link\">Read More<\/a><\/p>\n","protected":false},"author":1,"featured_media":681376,"comment_status":"closed","ping_status":"closed","sticky":false,"template":"Default","format":"standard","meta":[],"categories":[1],"tags":[],"_links":{"self":[{"href":"https:\/\/microscopemedia.com\/index.php?rest_route=\/wp\/v2\/posts\/681375"}],"collection":[{"href":"https:\/\/microscopemedia.com\/index.php?rest_route=\/wp\/v2\/posts"}],"about":[{"href":"https:\/\/microscopemedia.com\/index.php?rest_route=\/wp\/v2\/types\/post"}],"author":[{"embeddable":true,"href":"https:\/\/microscopemedia.com\/index.php?rest_route=\/wp\/v2\/users\/1"}],"replies":[{"embeddable":true,"href":"https:\/\/microscopemedia.com\/index.php?rest_route=%2Fwp%2Fv2%2Fcomments&post=681375"}],"version-history":[{"count":0,"href":"https:\/\/microscopemedia.com\/index.php?rest_route=\/wp\/v2\/posts\/681375\/revisions"}],"wp:featuredmedia":[{"embeddable":true,"href":"https:\/\/microscopemedia.com\/index.php?rest_route=\/wp\/v2\/media\/681376"}],"wp:attachment":[{"href":"https:\/\/microscopemedia.com\/index.php?rest_route=%2Fwp%2Fv2%2Fmedia&parent=681375"}],"wp:term":[{"taxonomy":"category","embeddable":true,"href":"https:\/\/microscopemedia.com\/index.php?rest_route=%2Fwp%2Fv2%2Fcategories&post=681375"},{"taxonomy":"post_tag","embeddable":true,"href":"https:\/\/microscopemedia.com\/index.php?rest_route=%2Fwp%2Fv2%2Ftags&post=681375"}],"curies":[{"name":"wp","href":"https:\/\/api.w.org\/{rel}","templated":true}]}}