{"id":681381,"date":"2026-03-12T05:56:04","date_gmt":"2026-03-12T05:56:04","guid":{"rendered":"https:\/\/microscopemedia.com\/?p=681381"},"modified":"2026-03-12T05:56:04","modified_gmt":"2026-03-12T05:56:04","slug":"un-rechin-alb-fantoma-a-reaprins-misterul-din-marea-mediterana","status":"publish","type":"post","link":"https:\/\/microscopemedia.com\/?p=681381","title":{"rendered":"Un rechin alb \u201efantom\u0103\u201d a reaprins misterul din Marea Mediteran\u0103"},"content":{"rendered":"<div><img decoding=\"async\" src=\"https:\/\/microscopemedia.com\/wp-content\/uploads\/2026\/03\/un-rechin-alb-fantoma-a-reaprins-misterul-din-marea-mediterana.jpg\" class=\"ff-og-image-inserted\"><\/div>\n<p id=\"p-0\">Pe 20 aprilie 2023, pescarii locali au capturat accidental un rechin alb t\u00e2n\u0103r (Carcharodon carcharias) \u00een largul coastei peninsulei estice, potrivit <a href=\"https:\/\/www.sciencedaily.com\/releases\/2026\/03\/260311213459.htm\" target=\"_blank\" rel=\"noopener\">ScienceDaily<\/a>.<\/p>\n<p id=\"p-1\">Puiul de rechin m\u0103sura aproximativ 210 cm \u00een lungime \u0219i c\u00e2nt\u0103rea aproximativ 80-90 kg. \u00cent\u00e2lniri de acest gen sunt extrem de rare \u00een regiune, ceea ce i-a determinat pe oamenii de \u0219tiin\u021b\u0103 s\u0103 examineze mai atent \u00eenregistr\u0103rile istorice. Cercet\u0103torii au analizat observa\u021biile \u0219i rapoartele care dateaz\u0103 din 1862, compil\u00e2nd \u00een cele din urm\u0103 o analiz\u0103 cuprinz\u0103toare publicat\u0103 \u00een revista cu acces liber Acta Ichthyologica et Piscatoria.<\/p>\n<p id=\"p-2\">Captura nea\u0219teptat\u0103 \u2013 analizat\u0103 \u00eempreun\u0103 cu \u00eenregistr\u0103rile documentate din ultimii 160 de ani \u2013 sugereaz\u0103 c\u0103 rechinii albi mari nu au disp\u0103rut complet din apele Mediteranei. \u00cen schimb, oamenii de \u0219tiin\u021b\u0103 \u00eei descriu ca o popula\u021bie misterioas\u0103 sau \u201efantom\u0103\u201d care apare doar rar. \u00cen ciuda naturii lor evazive, dovezile indic\u0103 faptul c\u0103 ace\u0219tia continu\u0103 s\u0103 locuiasc\u0103 \u00een regiune.<\/p>\n<p id=\"p-3\">\u00cen prezent, marele rechin alb este clasificat ca vulnerabil pe Lista Ro\u0219ie a IUCN, iar se crede c\u0103 num\u0103rul global al acestora este \u00een sc\u0103dere.<\/p>\n<p id=\"p-4\">\u201eDeterminarea prezen\u021bei indivizilor tineri este de o importan\u021b\u0103 deosebit\u0103. Apari\u021bia exemplarelor tinere ridic\u0103 \u00eentrebarea dac\u0103 \u00een regiune are loc o reproducere activ\u0103\u201d, spune dr. Jos\u00e9 Carlos B\u00e1ez, cercet\u0103torul principal al studiului.<\/p>\n<p id=\"p-5\">Descoperirea rechinilor mai tineri ar putea indica faptul c\u0103 reproducerea are \u00eenc\u0103 loc undeva \u00een Marea Mediteran\u0103, o idee pe care cercet\u0103torii sunt dornici s\u0103 o investigheze mai departe.<\/p>\n<h2 id=\"chapter-0\">Observ\u0103ri rare, dar persistente \u00een apele spaniole<\/h2>\n<p id=\"p-6\">Dup\u0103 analizarea \u00eenregistr\u0103rilor istorice, studiul confirm\u0103 c\u0103 rechinii albi mari apar \u00eenc\u0103 ocazional \u00een Marea Mediteran\u0103 spaniol\u0103. Aceste observ\u0103ri r\u0103m\u00e2n foarte rare, dar prezint\u0103 un model constant \u00een timp. \u00cen loc s\u0103 dispar\u0103 complet, specia pare s\u0103 persiste \u00een mod discret \u00een regiune.<\/p>\n<p id=\"p-7\">Dr. B\u00e1ez a abordat \u0219i frica puternic\u0103 pe care rechinii albi mari o inspir\u0103 adesea. Referindu-se la celebra observa\u021bie a lui H.P. Lovecraft c\u0103 \u201ecea mai veche \u0219i mai puternic\u0103 emo\u021bie a omenirii este frica, iar cel mai vechi \u0219i mai puternic tip de fric\u0103 este frica de necunoscut\u201d, el explic\u0103 c\u0103 o mai bun\u0103 \u00een\u021belegere \u0219tiin\u021bific\u0103 poate contribui la schimbarea percep\u021biei publice.<\/p>\n<h3>Rolul ecologic al rechinilor albi<\/h3>\n<p id=\"p-8\">Pe m\u0103sur\u0103 ce popula\u021biile continu\u0103 s\u0103 scad\u0103, cercet\u0103torii subliniaz\u0103 importan\u021ba programelor de monitorizare pe termen lung pentru a \u00een\u021belege mai bine rechinii albi din Marea Mediteran\u0103. Combinarea observa\u021biilor directe cu tehnologiile moderne de urm\u0103rire ar putea ajuta oamenii de \u0219tiin\u021b\u0103 s\u0103 dezvolte strategii de conservare bazate pe dovezi pentru a proteja acest pr\u0103d\u0103tor iconic.<\/p>\n","protected":false},"excerpt":{"rendered":"<p>Pe 20 aprilie 2023, pescarii locali au capturat accidental un rechin alb t\u00e2n\u0103r (Carcharodon carcharias) \u00een largul coastei peninsulei estice, potrivit ScienceDaily. Puiul de rechin m\u0103sura aproximativ 210 cm \u00een &hellip; <a href=\"https:\/\/microscopemedia.com\/?p=681381\" class=\"more-link\">Read More<\/a><\/p>\n","protected":false},"author":1,"featured_media":681382,"comment_status":"closed","ping_status":"closed","sticky":false,"template":"Default","format":"standard","meta":[],"categories":[1],"tags":[],"_links":{"self":[{"href":"https:\/\/microscopemedia.com\/index.php?rest_route=\/wp\/v2\/posts\/681381"}],"collection":[{"href":"https:\/\/microscopemedia.com\/index.php?rest_route=\/wp\/v2\/posts"}],"about":[{"href":"https:\/\/microscopemedia.com\/index.php?rest_route=\/wp\/v2\/types\/post"}],"author":[{"embeddable":true,"href":"https:\/\/microscopemedia.com\/index.php?rest_route=\/wp\/v2\/users\/1"}],"replies":[{"embeddable":true,"href":"https:\/\/microscopemedia.com\/index.php?rest_route=%2Fwp%2Fv2%2Fcomments&post=681381"}],"version-history":[{"count":0,"href":"https:\/\/microscopemedia.com\/index.php?rest_route=\/wp\/v2\/posts\/681381\/revisions"}],"wp:featuredmedia":[{"embeddable":true,"href":"https:\/\/microscopemedia.com\/index.php?rest_route=\/wp\/v2\/media\/681382"}],"wp:attachment":[{"href":"https:\/\/microscopemedia.com\/index.php?rest_route=%2Fwp%2Fv2%2Fmedia&parent=681381"}],"wp:term":[{"taxonomy":"category","embeddable":true,"href":"https:\/\/microscopemedia.com\/index.php?rest_route=%2Fwp%2Fv2%2Fcategories&post=681381"},{"taxonomy":"post_tag","embeddable":true,"href":"https:\/\/microscopemedia.com\/index.php?rest_route=%2Fwp%2Fv2%2Ftags&post=681381"}],"curies":[{"name":"wp","href":"https:\/\/api.w.org\/{rel}","templated":true}]}}