{"id":681403,"date":"2026-03-12T08:16:04","date_gmt":"2026-03-12T08:16:04","guid":{"rendered":"https:\/\/microscopemedia.com\/?p=681403"},"modified":"2026-03-12T08:16:04","modified_gmt":"2026-03-12T08:16:04","slug":"polonia-incepe-ancheta-in-cazul-epstein-ce-suspiciuni-exista","status":"publish","type":"post","link":"https:\/\/microscopemedia.com\/?p=681403","title":{"rendered":"Polonia \u00eencepe anchet\u0103 \u00een cazul Epstein. Ce suspiciuni exist\u0103"},"content":{"rendered":"<div><img decoding=\"async\" src=\"https:\/\/microscopemedia.com\/wp-content\/uploads\/2026\/03\/polonia-incepe-ancheta-in-cazul-epstein-ce-suspiciuni-exista.jpg\" class=\"ff-og-image-inserted\"><\/div>\n<p class=\"p1\" id=\"p-0\">Dup\u0103 analizarea documentelor din cazul lui Jeffrey Epstein, <span><strong><a href=\"https:\/\/www.polskieradio.pl\/395\/7784\/artykul\/3658847,polish-prosecutors-open-human-trafficking-probe-tied-to-epstein-case\">justi\u021bia de la Var\u0219ovia<\/a><\/strong><\/span> are suspiciuni \u00eentemeiate c\u0103 \u00een Polonia, \u00een perioada 2009-2019, tinerelor femei li se cerea s\u0103 se prostitueze. Acest lucru a fost anun\u021bat de Procuratura General\u0103 din Var\u0219ovia.<\/p>\n<p class=\"p1\" id=\"p-1\">\u00cen februarie anul curent, Polonia a fost una dintre primele \u021b\u0103ri europene care a creat o comisie special\u0103 \u00een leg\u0103tur\u0103 cu publicarea \u201edosarelor Epstein\u201d.<\/p>\n<p class=\"p1\" id=\"p-2\">Sarcina acesteia este de a c\u0103uta urme poloneze \u00een milioane de documente americane despre re\u021beaua lui Jeffrey Epstein.<\/p>\n<p class=\"p1\" id=\"p-3\">Infractorul sexual, care a murit \u00een 2019 \u00een \u00eenchisoare, avea leg\u0103turi extinse \u00een politica \u0219i afacerile din SUA \u0219i din alte \u021b\u0103ri.<\/p>\n<p class=\"p1\" id=\"p-4\">Potrivit procuraturii poloneze, printre victimele lui Epstein se num\u0103r\u0103 multe \u201efemei adulte \u0219i minore neidentificate, inclusiv cet\u0103\u021bene poloneze\u201d.<\/p>\n<p class=\"p1\" id=\"p-5\">Anchetatorii care lucreaz\u0103 la acest caz au trimis solicit\u0103ri de informa\u021bii c\u0103tre alte dou\u0103 \u021b\u0103ri europene. Este vorba de Fran\u021ba \u0219i Suedia.<\/p>\n<p id=\"p-6\">Traficul de persoane \u00een Polonia se pedepse\u0219te cu \u00eenchisoarea de p\u00e2n\u0103 la 20 de ani.<\/p>\n","protected":false},"excerpt":{"rendered":"<p>Dup\u0103 analizarea documentelor din cazul lui Jeffrey Epstein, justi\u021bia de la Var\u0219ovia are suspiciuni \u00eentemeiate c\u0103 \u00een Polonia, \u00een perioada 2009-2019, tinerelor femei li se cerea s\u0103 se prostitueze. Acest &hellip; <a href=\"https:\/\/microscopemedia.com\/?p=681403\" class=\"more-link\">Read More<\/a><\/p>\n","protected":false},"author":1,"featured_media":681404,"comment_status":"closed","ping_status":"closed","sticky":false,"template":"Default","format":"standard","meta":[],"categories":[1],"tags":[],"_links":{"self":[{"href":"https:\/\/microscopemedia.com\/index.php?rest_route=\/wp\/v2\/posts\/681403"}],"collection":[{"href":"https:\/\/microscopemedia.com\/index.php?rest_route=\/wp\/v2\/posts"}],"about":[{"href":"https:\/\/microscopemedia.com\/index.php?rest_route=\/wp\/v2\/types\/post"}],"author":[{"embeddable":true,"href":"https:\/\/microscopemedia.com\/index.php?rest_route=\/wp\/v2\/users\/1"}],"replies":[{"embeddable":true,"href":"https:\/\/microscopemedia.com\/index.php?rest_route=%2Fwp%2Fv2%2Fcomments&post=681403"}],"version-history":[{"count":0,"href":"https:\/\/microscopemedia.com\/index.php?rest_route=\/wp\/v2\/posts\/681403\/revisions"}],"wp:featuredmedia":[{"embeddable":true,"href":"https:\/\/microscopemedia.com\/index.php?rest_route=\/wp\/v2\/media\/681404"}],"wp:attachment":[{"href":"https:\/\/microscopemedia.com\/index.php?rest_route=%2Fwp%2Fv2%2Fmedia&parent=681403"}],"wp:term":[{"taxonomy":"category","embeddable":true,"href":"https:\/\/microscopemedia.com\/index.php?rest_route=%2Fwp%2Fv2%2Fcategories&post=681403"},{"taxonomy":"post_tag","embeddable":true,"href":"https:\/\/microscopemedia.com\/index.php?rest_route=%2Fwp%2Fv2%2Ftags&post=681403"}],"curies":[{"name":"wp","href":"https:\/\/api.w.org\/{rel}","templated":true}]}}