{"id":681407,"date":"2026-03-12T08:46:04","date_gmt":"2026-03-12T08:46:04","guid":{"rendered":"https:\/\/microscopemedia.com\/?p=681407"},"modified":"2026-03-12T08:46:04","modified_gmt":"2026-03-12T08:46:04","slug":"atac-asupra-bazei-italiene-din-erbil-ce-se-stie-despre-drona-care-a-lovit-camp-singara-si-cine-se-afla-in-spatele-atacului","status":"publish","type":"post","link":"https:\/\/microscopemedia.com\/?p=681407","title":{"rendered":"Atac asupra bazei italiene din Erbil. Ce se \u0219tie despre drona care a lovit Camp Singara \u0219i cine se afl\u0103 \u00een spatele atacului"},"content":{"rendered":"<div><img decoding=\"async\" src=\"https:\/\/microscopemedia.com\/wp-content\/uploads\/2026\/03\/atac-asupra-bazei-italiene-din-erbil-ce-se-stie-despre-drona-care-a-lovit-camp-singara-si-cine-se-afla-in-spatele-atacului.jpg\" class=\"ff-og-image-inserted\"><\/div>\n<p id=\"p-0\">Niciun militar nu a fost r\u0103nit. Ministrul ap\u0103r\u0103rii Guido Crosetto, aflat \u00een contact permanent cu comandantul bazei, a confirmat c\u0103 cei aproximativ 300 de militari italieni din Opera\u021biunea Prima Parthica sunt \u00een siguran\u021b\u0103, potrivit <a href=\"https:\/\/www.ilmessaggero.it\/mondo\/base_italiana_erbil_iran_cosa_sappiamo-9411403.html\" target=\"_blank\" rel=\"noopener\">Il Messaggero<\/a>.<\/p>\n<p class=\"font-claude-response-body break-words whitespace-normal leading-[1.7]\" id=\"p-1\">Drona nu viza \u00een mod specific structura bazei. A pierdut altitudine \u0219i s-a pr\u0103bu\u0219it peste un vehicul militar.<\/p>\n<blockquote class=\"twitter-tweet\" readability=\"5.2537313432836\">\n<p dir=\"ltr\" lang=\"en\" id=\"p-2\">Footage shows air defenses intercepting a drone over <a href=\"https:\/\/twitter.com\/hashtag\/Erbil?src=hash&amp;ref_src=twsrc%5Etfw\">#Erbil<\/a>. <a href=\"https:\/\/t.co\/77QDR1ZcW4\">pic.twitter.com\/77QDR1ZcW4<\/a><\/p>\n<p id=\"p-3\">\u2014 Barzan Sadiq (@BarzanSadiq) <a href=\"https:\/\/twitter.com\/BarzanSadiq\/status\/2031792035447878114?ref_src=twsrc%5Etfw\">March 11, 2026<\/a><\/p>\n<\/blockquote>\n<p id=\"p-4\">&nbsp;<\/p>\n<p class=\"font-claude-response-body break-words whitespace-normal leading-[1.7]\" id=\"p-5\">Ministrul Tajani a precizat c\u0103 personalul s-a ad\u0103postit \u00een bunc\u0103rele de protec\u021bie. Originea atacului r\u0103m\u00e2ne neclar\u0103.<\/p>\n<p class=\"font-claude-response-body break-words whitespace-normal leading-[1.7]\" id=\"p-6\">\u201eNu \u0219tim dac\u0103 \u021binta erau \u00een mod specific italienii sau \u00eentreaga comunitate interna\u021bional\u0103\u201d, a declarat Tajani. Investiga\u021biile vizeaz\u0103 at\u00e2t o posibil\u0103 lansare direct\u0103 din Iran, c\u00e2t \u0219i o ac\u021biune a mili\u021biilor pro-iraniene active \u00een regiune.<\/p>\n<h2 class=\"text-text-100 mt-3 -mb-1 text-[1.125rem] font-bold\" id=\"chapter-0\">Strategia Teheranului: uzur\u0103 \u0219i victorie politic\u0103<\/h2>\n<p class=\"font-claude-response-body break-words whitespace-normal leading-[1.7]\" id=\"p-7\">Incidentul se \u00eenscrie \u00eentr-o strategie mai ampl\u0103. Surse din Pentagon subliniaz\u0103 c\u0103 Teheranul \u0219i alia\u021bii s\u0103i intensific\u0103 utilizarea dronelor \u0219i rachetelor. \u021aintele nu sunt doar militare, ci \u0219i instala\u021bii civile frecventate de personal str\u0103in.<\/p>\n<p class=\"font-claude-response-body break-words whitespace-normal leading-[1.7]\" id=\"p-8\">Potrivit New York Times, Iranul \u00ee\u0219i adapteaz\u0103 rapid strategia militar\u0103 prin opera\u021biunile mili\u021biilor aliate. O mili\u021bie pro-iranian\u0103 a lansat recent un roi de drone asupra unui hotel de lux din Erbil, frecventat de personal militar american. Obiectivul nu este confruntarea direct\u0103, ci sl\u0103birea sistemelor defensive \u0219i ob\u021binerea unei victorii politice prin rezisten\u021b\u0103 la presiunea interna\u021bional\u0103.<\/p>\n<h2 class=\"text-text-100 mt-3 -mb-1 text-[1.125rem] font-bold\" id=\"chapter-1\">Ce face Italia la Camp Singara<\/h2>\n<p class=\"font-claude-response-body break-words whitespace-normal leading-[1.7]\" id=\"p-9\">Baza Camp Singara este centrul opera\u021bional al contingentului italian \u00een Kurdistanul irakian. Aproximativ 300 de militari \u2013 speciali\u0219ti ai armatei \u0219i instructori ai Carabinieri \u2013 opereaz\u0103 \u00een cadrul Opera\u021biunii Prima Parthica. Misiunea lor principal\u0103 este instruirea for\u021belor de securitate locale \u0219i a Peshmerga kurzi \u00een lupta \u00eempotriva ISIS.<\/p>\n","protected":false},"excerpt":{"rendered":"<p>Niciun militar nu a fost r\u0103nit. Ministrul ap\u0103r\u0103rii Guido Crosetto, aflat \u00een contact permanent cu comandantul bazei, a confirmat c\u0103 cei aproximativ 300 de militari italieni din Opera\u021biunea Prima Parthica &hellip; <a href=\"https:\/\/microscopemedia.com\/?p=681407\" class=\"more-link\">Read More<\/a><\/p>\n","protected":false},"author":1,"featured_media":681408,"comment_status":"closed","ping_status":"closed","sticky":false,"template":"Default","format":"standard","meta":[],"categories":[1],"tags":[],"_links":{"self":[{"href":"https:\/\/microscopemedia.com\/index.php?rest_route=\/wp\/v2\/posts\/681407"}],"collection":[{"href":"https:\/\/microscopemedia.com\/index.php?rest_route=\/wp\/v2\/posts"}],"about":[{"href":"https:\/\/microscopemedia.com\/index.php?rest_route=\/wp\/v2\/types\/post"}],"author":[{"embeddable":true,"href":"https:\/\/microscopemedia.com\/index.php?rest_route=\/wp\/v2\/users\/1"}],"replies":[{"embeddable":true,"href":"https:\/\/microscopemedia.com\/index.php?rest_route=%2Fwp%2Fv2%2Fcomments&post=681407"}],"version-history":[{"count":0,"href":"https:\/\/microscopemedia.com\/index.php?rest_route=\/wp\/v2\/posts\/681407\/revisions"}],"wp:featuredmedia":[{"embeddable":true,"href":"https:\/\/microscopemedia.com\/index.php?rest_route=\/wp\/v2\/media\/681408"}],"wp:attachment":[{"href":"https:\/\/microscopemedia.com\/index.php?rest_route=%2Fwp%2Fv2%2Fmedia&parent=681407"}],"wp:term":[{"taxonomy":"category","embeddable":true,"href":"https:\/\/microscopemedia.com\/index.php?rest_route=%2Fwp%2Fv2%2Fcategories&post=681407"},{"taxonomy":"post_tag","embeddable":true,"href":"https:\/\/microscopemedia.com\/index.php?rest_route=%2Fwp%2Fv2%2Ftags&post=681407"}],"curies":[{"name":"wp","href":"https:\/\/api.w.org\/{rel}","templated":true}]}}