{"id":681413,"date":"2026-03-12T09:47:03","date_gmt":"2026-03-12T09:47:03","guid":{"rendered":"https:\/\/microscopemedia.com\/?p=681413"},"modified":"2026-03-12T09:47:03","modified_gmt":"2026-03-12T09:47:03","slug":"cristina-chiriac-in-audierile-csm-pentru-functia-de-procuror-general-al-romaniei-nu-pretind-ca-am-toate-cunostintele-necesare-dar-cand-voi-fi-numita-procuror-general-voi-invata","status":"publish","type":"post","link":"https:\/\/microscopemedia.com\/?p=681413","title":{"rendered":"Cristina Chiriac, \u00een audierile CSM pentru func\u021bia de Procuror General al Rom\u00e2niei: \u201eNu pretind c\u0103 am toate cuno\u0219tin\u021bele necesare, dar c\u00e2nd voi fi numit\u0103 Procuror General voi \u00eenv\u0103\u021ba\u201d"},"content":{"rendered":"<div id=\"attachment_23701590\" class=\"wp-caption aligncenter\"><img aria-describedby=\"caption-attachment-23701590\" class=\"wp-image-23701590 size-full\" src=\"https:\/\/microscopemedia.com\/wp-content\/uploads\/2026\/03\/cristina-chiriac-in-audierile-csm-pentru-functia-de-procuror-general-al-romaniei-nu-pretind-ca-am-toate-cunostintele-necesare-dar-cand-voi-fi-numita-procuror-general-voi-invata.webp\" alt width=\"700\" height=\"352\" loading=\"lazy\" decoding=\"async\" srcset=\"https:\/\/microscopemedia.com\/wp-content\/uploads\/2026\/03\/cristina-chiriac-in-audierile-csm-pentru-functia-de-procuror-general-al-romaniei-nu-pretind-ca-am-toate-cunostintele-necesare-dar-cand-voi-fi-numita-procuror-general-voi-invata-1.webp 500w, https:\/\/microscopemedia.com\/wp-content\/uploads\/2026\/03\/cristina-chiriac-in-audierile-csm-pentru-functia-de-procuror-general-al-romaniei-nu-pretind-ca-am-toate-cunostintele-necesare-dar-cand-voi-fi-numita-procuror-general-voi-invata.webp 728w\"><\/p>\n<p id=\"caption-attachment-23701590\" class=\"wp-caption-text\">Audieri CSM<\/p>\n<\/div>\n<p id=\"p-1\">Audiat\u0103, Cristina Chiriac a spus c\u0103 are experien\u021b\u0103 \u00een anchetarea cauzelor complexe, inclusiv cu situa\u021bii de flagrant.<\/p>\n<p id=\"p-2\">Chiriac a enumerat cazuri \u00een care a lucrat la DNA Ia\u0219i: pre\u0219edintele CJ Ia\u0219i, pre\u0219edintele CJ Vaslui, Directorul Institutului de Boli Cardiovasculare Ia\u0219i, Rectorul Universit\u0103\u021bii Petre Andrei \u0219i decanul Facult\u0103\u021bii de drept. Spune c\u0103 are \u00een dosare investiga\u021bii legate de v\u0103mi \u0219i oameni de afaceri, are experien\u021b\u0103 \u00een management \u0219i \u201edinamism\u201d.<\/p>\n<p id=\"p-3\">\u0218efa DNA Ia\u0219i a vorbit despre stocul de dosare din Ministerul Public (1,7 milioane) \u0219i spune c\u0103 Parchetul General este \u00eentr-un \u201eechilibru vulnerabil\u201d.<\/p>\n<p id=\"p-4\">Cristina Chiriac propune cre\u0219terea eficien\u021bei actului de Justi\u021bie.<\/p>\n<p id=\"p-5\">\u00cen timpul prezent\u0103rii sale \u00een fa\u021ba sec\u021biei de procurori, Cristina Chiriac a citit de pe foi.<\/p>\n<p id=\"p-6\">Cristina Chiriac este \u00eentrebat\u0103 de lipsa de experien\u021b\u0103 pentru a conduce Parchetul General: \u201e\u00cen ceea ce prive\u0219te legitimitatea, experien\u021ba mea profesional\u0103 \u00een cauze complexe \u0219i management exist\u0103. (..) <strong>Nu pretind c\u0103 am toate cuno\u0219tin\u021bele necesare care \u021bin de competen\u021ba parchetelor locale, dar c\u00e2nd voi fi numit procuror general voi avea toat\u0103 disponibilitatea de a \u00eenv\u0103\u021ba<\/strong>\u201d.<\/p>\n<p id=\"p-7\">\u0218efa DNA Ia\u0219i consider\u0103 c\u0103 DNA ar trebui s\u0103 preia competen\u021ba pe investigarea magistra\u021bilor. Audierea este \u00eenc\u0103 \u00een desf\u0103\u0219urare. <span><strong><a href=\"https:\/\/www.mediafax.ro\/stirile-zilei\/candidatii-pentru-conducerea-parchetului-general-c-chiriac-vrea-ca-ong-urile-sa-previna-infractiunile-din-romania-b-pirlog-doreste-reintroducerea-mcv-si-foloseste-gresit-citate-din-napole-23691093\">R\u0103spunsurile Cristinei Chiriac<\/a><\/strong><\/span> sunt ezitante.<\/p>\n<p id=\"p-8\">Ieri, Sec\u021bia pentru Procurori a CSM nu a reu\u0219it s\u0103 dea un vot clar \u00een cazul propunerii ca Alex Floren\u021ba s\u0103 fie adjunct al DIICOT, votul fiind de 3 -3 \u0219i urm\u00e2nd a fi reluat \u00een \u0219edin\u021bele viitoare. Gill Julien Iacobici, propus \u0219i el tot ca adjunct al DIICOT, a fost respins de CSM cu un vot de 5 la 1.<\/p>\n<p id=\"p-9\">Luni, <span><strong><a href=\"https:\/\/www.mediafax.ro\/stirile-zilei\/update-procurorul-codrin-miron-obtine-aviz-unanim-in-csm-pentru-sefia-diicot-nu-sunt-multumit-de-cum-functioneaza-diicot-la-nivel-national-pe-droguri-de-mare-risc-cocaina-heroina-nu-sta-23700327\">sec\u021bia pentru procurori a CSM l-a avizat \u00een unanimitate pe Codrin Miron<\/a><\/strong><\/span>, \u0219eful DIICOT Timi\u0219oara, pentru \u0219efia Direc\u021bia de Investigare a Infrac\u0163iunilor de Criminalitate Organizat\u0103 \u015fi Terorism (DIICOT), \u00een locul procurorului Alina Albu.<\/p>\n<p id=\"p-10\"><span><strong><a href=\"https:\/\/www.just.ro\/wp-content\/uploads\/2026\/01\/Modul-De-Desfasurare.pdf\">Deciziile urmeaz\u0103 s\u0103 fie \u00eenaintate<\/a><\/strong><\/span> ministrului Radu Marinescu \u0219i ulterior, <span><strong><a href=\"https:\/\/www.mediafax.ro\/stirile-zilei\/presedintele-nicusor-dan-anunt-despre-numirea-sefilor-marilor-parchete-sunt-in-complet-dezacord-cu-social-media-ce-spune-despre-discutiile-de-la-palatul-cotroceni-cu-procurorii-23698155\">pre\u0219edintelui Nicu\u0219or Dan, pentru numirile efective prin decret.<\/a><\/strong><\/span><\/p>\n","protected":false},"excerpt":{"rendered":"<p>Audieri CSM Audiat\u0103, Cristina Chiriac a spus c\u0103 are experien\u021b\u0103 \u00een anchetarea cauzelor complexe, inclusiv cu situa\u021bii de flagrant. Chiriac a enumerat cazuri \u00een care a lucrat la DNA Ia\u0219i: &hellip; <a href=\"https:\/\/microscopemedia.com\/?p=681413\" class=\"more-link\">Read More<\/a><\/p>\n","protected":false},"author":1,"featured_media":681414,"comment_status":"closed","ping_status":"closed","sticky":false,"template":"Default","format":"standard","meta":[],"categories":[1],"tags":[],"_links":{"self":[{"href":"https:\/\/microscopemedia.com\/index.php?rest_route=\/wp\/v2\/posts\/681413"}],"collection":[{"href":"https:\/\/microscopemedia.com\/index.php?rest_route=\/wp\/v2\/posts"}],"about":[{"href":"https:\/\/microscopemedia.com\/index.php?rest_route=\/wp\/v2\/types\/post"}],"author":[{"embeddable":true,"href":"https:\/\/microscopemedia.com\/index.php?rest_route=\/wp\/v2\/users\/1"}],"replies":[{"embeddable":true,"href":"https:\/\/microscopemedia.com\/index.php?rest_route=%2Fwp%2Fv2%2Fcomments&post=681413"}],"version-history":[{"count":0,"href":"https:\/\/microscopemedia.com\/index.php?rest_route=\/wp\/v2\/posts\/681413\/revisions"}],"wp:featuredmedia":[{"embeddable":true,"href":"https:\/\/microscopemedia.com\/index.php?rest_route=\/wp\/v2\/media\/681414"}],"wp:attachment":[{"href":"https:\/\/microscopemedia.com\/index.php?rest_route=%2Fwp%2Fv2%2Fmedia&parent=681413"}],"wp:term":[{"taxonomy":"category","embeddable":true,"href":"https:\/\/microscopemedia.com\/index.php?rest_route=%2Fwp%2Fv2%2Fcategories&post=681413"},{"taxonomy":"post_tag","embeddable":true,"href":"https:\/\/microscopemedia.com\/index.php?rest_route=%2Fwp%2Fv2%2Ftags&post=681413"}],"curies":[{"name":"wp","href":"https:\/\/api.w.org\/{rel}","templated":true}]}}