{"id":681417,"date":"2026-03-12T10:26:03","date_gmt":"2026-03-12T10:26:03","guid":{"rendered":"https:\/\/microscopemedia.com\/?p=681417"},"modified":"2026-03-12T10:26:03","modified_gmt":"2026-03-12T10:26:03","slug":"noi-contre-in-coalitie-psd-va-aviza-proiectul-de-buget-pentru-a-rezolva-in-parlament-ceea-ce-a-fost-blocat-de-premier","status":"publish","type":"post","link":"https:\/\/microscopemedia.com\/?p=681417","title":{"rendered":"Noi contre \u00een coali\u021bie. PSD va aviza proiectul de buget \u201epentru a rezolva \u00een Parlament ceea ce a fost blocat de premier\u201d"},"content":{"rendered":"<div><img decoding=\"async\" src=\"https:\/\/microscopemedia.com\/wp-content\/uploads\/2026\/03\/noi-contre-in-coalitie-psd-va-aviza-proiectul-de-buget-pentru-a-rezolva-in-parlament-ceea-ce-a-fost-blocat-de-premier.jpg\" class=\"ff-og-image-inserted\"><\/div>\n<p id=\"p-0\">Anun\u021bul a fost f\u0103cut joi, chiar \u00een timpul \u0219edin\u021bei de guvern \u00een care se discut\u0103 proiectul de buget.<\/p>\n<p id=\"p-1\">\u201eReprezentan\u021bii PSD din Guvern vor aviza, cu obiec\u021bii, proiectul de buget pentru a dep\u0103\u0219i blocajul provocat de premierul Bolojan, \u00een elaborarea acestui act normativ esen\u021bial pentru economia rom\u00e2neasc\u0103. Mutarea dezbaterii la nivel parlamentar va permite partidelor din Coali\u021bie s\u0103 transpun\u0103 \u00een Legea Bugetului toate elementele respinse \u00een mod nejustificat de c\u0103tre \u0219eful Executivului\u201d, a transmis PSD.<\/p>\n<p id=\"p-2\">Social democra\u021bii l-au atacat pe premierul Ilie Bolojan acuz\u00e2ndu-l c\u0103 blocheaz\u0103 adoptarea bugetului.<\/p>\n<p id=\"p-3\">\u201e\u00cen contextul turbulen\u021belor economice globale, \u00eent\u00e2rzierea adopt\u0103rii bugetului de stat reprezint\u0103 o vulnerabilitate major\u0103 pentru stabilitatea economic\u0103 a \u021b\u0103rii. Rom\u00e2nia nu \u00ee\u0219i permite perpetuarea acestei st\u0103ri de incertitudine, din cauza blocajului provocat de un singur om! \u00cen aceste momente dificile, statul rom\u00e2n are nevoie de o conducere coerent\u0103 \u0219i constructiv\u0103 pentru a putea reac\u021biona rapid la provoc\u0103rile din pie\u021bele interna\u021bionale\u201d, a precizat PSD.<\/p>\n","protected":false},"excerpt":{"rendered":"<p>Anun\u021bul a fost f\u0103cut joi, chiar \u00een timpul \u0219edin\u021bei de guvern \u00een care se discut\u0103 proiectul de buget. \u201eReprezentan\u021bii PSD din Guvern vor aviza, cu obiec\u021bii, proiectul de buget pentru &hellip; <a href=\"https:\/\/microscopemedia.com\/?p=681417\" class=\"more-link\">Read More<\/a><\/p>\n","protected":false},"author":1,"featured_media":681418,"comment_status":"closed","ping_status":"closed","sticky":false,"template":"Default","format":"standard","meta":[],"categories":[1],"tags":[],"_links":{"self":[{"href":"https:\/\/microscopemedia.com\/index.php?rest_route=\/wp\/v2\/posts\/681417"}],"collection":[{"href":"https:\/\/microscopemedia.com\/index.php?rest_route=\/wp\/v2\/posts"}],"about":[{"href":"https:\/\/microscopemedia.com\/index.php?rest_route=\/wp\/v2\/types\/post"}],"author":[{"embeddable":true,"href":"https:\/\/microscopemedia.com\/index.php?rest_route=\/wp\/v2\/users\/1"}],"replies":[{"embeddable":true,"href":"https:\/\/microscopemedia.com\/index.php?rest_route=%2Fwp%2Fv2%2Fcomments&post=681417"}],"version-history":[{"count":0,"href":"https:\/\/microscopemedia.com\/index.php?rest_route=\/wp\/v2\/posts\/681417\/revisions"}],"wp:featuredmedia":[{"embeddable":true,"href":"https:\/\/microscopemedia.com\/index.php?rest_route=\/wp\/v2\/media\/681418"}],"wp:attachment":[{"href":"https:\/\/microscopemedia.com\/index.php?rest_route=%2Fwp%2Fv2%2Fmedia&parent=681417"}],"wp:term":[{"taxonomy":"category","embeddable":true,"href":"https:\/\/microscopemedia.com\/index.php?rest_route=%2Fwp%2Fv2%2Fcategories&post=681417"},{"taxonomy":"post_tag","embeddable":true,"href":"https:\/\/microscopemedia.com\/index.php?rest_route=%2Fwp%2Fv2%2Ftags&post=681417"}],"curies":[{"name":"wp","href":"https:\/\/api.w.org\/{rel}","templated":true}]}}