{"id":681432,"date":"2026-03-12T11:46:04","date_gmt":"2026-03-12T11:46:04","guid":{"rendered":"https:\/\/microscopemedia.com\/?p=681432"},"modified":"2026-03-12T11:46:04","modified_gmt":"2026-03-12T11:46:04","slug":"zelenski-a-ajuns-la-bucuresti-pentru-discutii-cu-nicusor-dan-si-ilie-bolojan-se-vor-semna-trei-documente-video","status":"publish","type":"post","link":"https:\/\/microscopemedia.com\/?p=681432","title":{"rendered":"Zelenski a ajuns la Bucure\u0219ti pentru discu\u021bii cu Nicu\u0219or Dan \u0219i Ilie Bolojan. Se vor semna trei documente. VIDEO"},"content":{"rendered":"<div><img decoding=\"async\" src=\"https:\/\/microscopemedia.com\/wp-content\/uploads\/2026\/03\/zelenski-a-ajuns-la-bucuresti-pentru-discutii-cu-nicusor-dan-si-ilie-bolojan-se-vor-semna-trei-documente-video.jpg\" class=\"ff-og-image-inserted\"><\/div>\n<p id=\"p-0\"><strong>UPDATE:<\/strong><\/p>\n<p id=\"p-1\">Pre\u0219edintele Ucrainei, Volodimir Zelenski, a ajuns la Palatul Cotroceni, \u00eent\u00e2mpinat de pre\u0219edintele Nicu\u0219or Dan.<\/p>\n<p id=\"p-2\"><strong>UPDATE:<\/strong><\/p>\n<p id=\"p-3\">Conform unor surse, se vor semna trei documente.<\/p>\n<p id=\"p-4\">Unul \u00een domeniul ap\u0103r\u0103rii \u2013 cooperare drone, altul pe energie. Documentul pe parteneriatul strategic va fi cel mai important. Parteneriatul strategic acoper\u0103 toate domeniile, de la ap\u0103rare la economic, educa\u021bie \u0219i minorit\u0103\u021bi. Are ca punct de plecare cel negociat \u00een 2023 \u00een precedenta vizit\u0103.<\/p>\n<p id=\"p-5\"><strong>UPDATE:<\/strong><\/p>\n<p id=\"p-6\">Pre\u0219edintele Ucrainei, Volodimir Zelenski, a ajuns la Bucure\u0219ti.<\/p>\n<p id=\"p-7\">Coloana oficial\u0103 se \u00eendreapt\u0103 c\u0103tre Palatul Cotroceni.<\/p>\n<p id=\"p-8\">Pre\u0219edintele Ucrainei a zburat de la aeroportul din Rzeszow (Polonia) la Bucure\u0219ti cu Airbusul A319ACJ de\u021binut de guvernul ucrainean, conform Boarding Pass.<\/p>\n<p id=\"p-9\">Zelenski va vizita vineri Fran\u021ba, conform unei surse de la RBC-Ucraina.<\/p>\n<p id=\"p-10\">BFMTV scrie c\u0103 se va \u00eent\u00e2lni cu pre\u0219edintele francez Macron la Palatul Elysee din Paris.<\/p>\n<p id=\"p-11\"><strong>UPDATE:<\/strong><\/p>\n<p id=\"p-12\">Primirea Pre\u0219edintelui Ucrainei, Volodimir Zelenski, la Palatul Cotroceni, cu ocazia vizitei oficiale \u00een Rom\u00e2nia, va avea loc la ora 13.30.<\/p>\n<div readability=\"6.5\">\n<div readability=\"8\">\n<p id=\"p-13\">\u2013 Ceremonia primirii oficiale<br \/>\u2013 Fotografie oficial\u0103<br \/>\u2013 Convorbiri t\u00eate-\u00e0-t\u00eate<br \/>\u2013 Convorbiri oficiale<br \/>\u2013 Declara\u021bii comune de pres\u0103.<\/p>\n<\/div>\n<\/div>\n<p id=\"p-14\">Partea rom\u00e2n\u0103 a precizat c\u0103 discu\u021bia dintre cei doi lideri \u201eva include teme care s\u0103 faciliteze consolidarea unei rela\u021bii bilaterale cuprinz\u0103toare, constructive, orientate spre viitor\u201d.<\/p>\n<p id=\"p-15\">\u201eDiscu\u021biile se vor axa pe dezvoltarea dialogului politic, intensificarea cooper\u0103rii economice, cooperarea sectorial\u0103 \u00een domenii precum energia \u0219i industriile de ap\u0103rare, dezvoltarea conectivit\u0103\u021bii \u0219i de proiecte transfrontaliere, \u0219i pe rolul Rom\u00e2niei \u00een procesul de reconstruc\u021bie a Ucrainei\u201d, se mai arat\u0103 \u00een comunicatul Cotroceniului.<\/p>\n<p id=\"p-16\">Administra\u021bia Preziden\u021bial\u0103 a spus c\u0103 \u00eentre Nicu\u0219or Dan \u0219i Volodimir Zelenski va avea loc \u0219i \u201eun schimb de opinii privind aspecte de actualitate, precum procesul de extindere a Uniunii Europene, rela\u021bia transatlantic\u0103, situa\u021bia de securitate \u00een regiunea M\u0103rii Negre \u0219i evolu\u021biile de ultim\u0103 or\u0103 la nivel regional \u0219i global\u201d.<\/p>\n<p id=\"p-17\">\u201e\u00cen egal\u0103 m\u0103sur\u0103, Pre\u0219edintele Rom\u00e2niei se va referi la necesitatea avans\u0103rii dialogului bilateral \u00een domeniul respect\u0103rii drepturilor persoanelor apar\u021bin\u00e2nd minorit\u0103\u021bii rom\u00e2ne din Ucraina, inclusiv dreptul la educa\u021bie \u00een limba matern\u0103\u201d, mai noteaz\u0103 Cotroceniul.<\/p>\n<h2 id=\"chapter-0\">\u00cent\u00e2lnire \u0219i cu Bolojan<\/h2>\n<p id=\"p-18\">Pre\u0219edintele Ucrainei se va \u00eent\u00e2lni la Bucure\u0219ti \u0219i cu premierul Ilie Bolojan, a precizat Guvernul Rom\u00e2niei. \u201ePe agenda discu\u021biilor se vor afla teme care privesc cooperarea bilateral\u0103 \u0219i \u00een plan european\u201d, conform comunicatului.<\/p>\n<p id=\"p-19\">Vizita pre\u0219edintelui ucrainean \u00een Rom\u00e2nia va avea loc la o zi dup\u0103 ce Consiliul Suprem de Ap\u0103rare a \u021a\u0103rii (CSAT) a aprobat solicitarea Statelor Unite de a trimite \u00een Rom\u00e2nia trupe suplimentare, avioane de realimentare \u0219i echipamente de monitorizare. Anun\u021bul a fost f\u0103cut de Nicu\u0219or Dan, care a spus c\u0103 aceste echipamente sunt defensive \u0219i i-a asigurat \u201epe rom\u00e2ni c\u0103 nu au motive de \u00eengrijorare\u201d.<\/p>\n<p id=\"p-20\">Vizita lui Zelenski are loc \u00eentr-un moment cu puternic\u0103 \u00eenc\u0103rc\u0103tur\u0103 simbolic\u0103, r\u0103zboiul din Ucraina se apropie de pragul de 1.500 de zile, care va fi atins la \u00eenceputul lunii aprilie.<\/p>\n","protected":false},"excerpt":{"rendered":"<p>UPDATE: Pre\u0219edintele Ucrainei, Volodimir Zelenski, a ajuns la Palatul Cotroceni, \u00eent\u00e2mpinat de pre\u0219edintele Nicu\u0219or Dan. UPDATE: Conform unor surse, se vor semna trei documente. Unul \u00een domeniul ap\u0103r\u0103rii \u2013 cooperare &hellip; <a href=\"https:\/\/microscopemedia.com\/?p=681432\" class=\"more-link\">Read More<\/a><\/p>\n","protected":false},"author":1,"featured_media":681433,"comment_status":"closed","ping_status":"closed","sticky":false,"template":"Default","format":"standard","meta":[],"categories":[1],"tags":[],"_links":{"self":[{"href":"https:\/\/microscopemedia.com\/index.php?rest_route=\/wp\/v2\/posts\/681432"}],"collection":[{"href":"https:\/\/microscopemedia.com\/index.php?rest_route=\/wp\/v2\/posts"}],"about":[{"href":"https:\/\/microscopemedia.com\/index.php?rest_route=\/wp\/v2\/types\/post"}],"author":[{"embeddable":true,"href":"https:\/\/microscopemedia.com\/index.php?rest_route=\/wp\/v2\/users\/1"}],"replies":[{"embeddable":true,"href":"https:\/\/microscopemedia.com\/index.php?rest_route=%2Fwp%2Fv2%2Fcomments&post=681432"}],"version-history":[{"count":0,"href":"https:\/\/microscopemedia.com\/index.php?rest_route=\/wp\/v2\/posts\/681432\/revisions"}],"wp:featuredmedia":[{"embeddable":true,"href":"https:\/\/microscopemedia.com\/index.php?rest_route=\/wp\/v2\/media\/681433"}],"wp:attachment":[{"href":"https:\/\/microscopemedia.com\/index.php?rest_route=%2Fwp%2Fv2%2Fmedia&parent=681432"}],"wp:term":[{"taxonomy":"category","embeddable":true,"href":"https:\/\/microscopemedia.com\/index.php?rest_route=%2Fwp%2Fv2%2Fcategories&post=681432"},{"taxonomy":"post_tag","embeddable":true,"href":"https:\/\/microscopemedia.com\/index.php?rest_route=%2Fwp%2Fv2%2Ftags&post=681432"}],"curies":[{"name":"wp","href":"https:\/\/api.w.org\/{rel}","templated":true}]}}