{"id":681436,"date":"2026-03-12T12:06:03","date_gmt":"2026-03-12T12:06:03","guid":{"rendered":"https:\/\/microscopemedia.com\/?p=681436"},"modified":"2026-03-12T12:06:03","modified_gmt":"2026-03-12T12:06:03","slug":"george-simion-la-protestul-minerilor-din-gorj-ceea-ce-se-intampla-la-ce-oltenia-este-un-atentat-la-siguranta-nationala","status":"publish","type":"post","link":"https:\/\/microscopemedia.com\/?p=681436","title":{"rendered":"George Simion, la protestul minerilor din Gorj: Ceea ce se \u00eent\u00e2mpl\u0103 la CE Oltenia este un atentat la siguran\u021ba na\u021bional\u0103"},"content":{"rendered":"<p id=\"p-0\">Liderul AUR a mers la T\u00e2rgu Jiu pentru a discuta cu minerii \u0219i energeticienii afla\u021bi \u00een protest \u0219i pentru a transmite un mesaj de solidaritate cu angaja\u021bii companiei.<\/p>\n<div class=\"single__inline-gallery color-white mg-bottom-20 bg-black padding-5 md:rounded-10\">\n<div class=\"md:rounded-5 display-grid xs:grid-cols-2 grid-cols-3 gap-5\">\n<div class=\"single__inline-gallery-image relative column-span-2 row-span-2\">\n                <a href=\"https:\/\/www.mediafax.ro\/poze\/george-simion-la-protestul-minerilor-din-gorj-ceea-ce-se-intampla-la-ce-oltenia-este-un-atentat-la-siguranta-nationala-23701702\"><br \/>\n                    <img decoding=\"async\" loading=\"lazy\" src=\"https:\/\/microscopemedia.com\/wp-content\/uploads\/2026\/03\/george-simion-la-protestul-minerilor-din-gorj-ceea-ce-se-intampla-la-ce-oltenia-este-un-atentat-la-siguranta-nationala.jpg\" width=\"700\" height=\"450\"><br \/>\n                <\/a>\n                            <\/div>\n<div class=\"single__inline-gallery-image relative \">\n                <a href=\"https:\/\/www.mediafax.ro\/poze\/george-simion-la-protestul-minerilor-din-gorj-ceea-ce-se-intampla-la-ce-oltenia-este-un-atentat-la-siguranta-nationala-23701702\"><br \/>\n                    <img decoding=\"async\" loading=\"lazy\" src=\"https:\/\/microscopemedia.com\/wp-content\/uploads\/2026\/03\/george-simion-la-protestul-minerilor-din-gorj-ceea-ce-se-intampla-la-ce-oltenia-este-un-atentat-la-siguranta-nationala-1.jpg\" width=\"700\" height=\"450\"><br \/>\n                <\/a>\n                            <\/div>\n<\/p><\/div>\n<\/p><\/div>\n<p id=\"p-1\">Potrivit sindicali\u0219tilor, aproximativ 1.500 de salaria\u021bi ai Complexului Energetic Oltenia ar putea r\u0103m\u00e2ne f\u0103r\u0103 loc de munc\u0103 dup\u0103 expirarea contractelor pe perioad\u0103 determinat\u0103. O parte dintre angaja\u021bi protesteaz\u0103 de mai bine de o s\u0103pt\u0103m\u00e2n\u0103, cer\u00e2nd garan\u021bii privind viitorul locurilor de munc\u0103, major\u0103ri salariale \u0219i solu\u021bii pentru viitorul companiei.<\/p>\n<h3>Liderul AUR: Minerii se simt abandona\u021bi de autorit\u0103\u021bi<\/h3>\n<p id=\"p-2\">George Simion a declarat c\u0103 a venit la T\u00e2rgu Jiu pentru a transmite un mesaj de solidaritate minerilor \u0219i energeticienilor care spun c\u0103 se simt abandona\u021bi de autorit\u0103\u021bi.<\/p>\n<p id=\"p-3\">\u201eSuntem al\u0103turi de colegii dumneavoastr\u0103 care, \u00een acest moment, se afl\u0103 \u00een greva foamei, recurg\u00e2nd la un gest extrem pentru salvarea familiilor lor, pentru salvarea Gorjului \u0219i pentru salvarea \u00eentregii \u021b\u0103ri\u201d, a spus liderul AUR.<\/p>\n<p id=\"p-4\">Simion a afirmat c\u0103 situa\u021bia de la Complexul Energetic Oltenia are implica\u021bii majore pentru securitatea energetic\u0103 a Rom\u00e2niei.<\/p>\n<p id=\"p-5\">\u201eCeea ce se \u00eent\u00e2mpl\u0103 acum este un atentat la siguran\u021ba na\u021bional\u0103. Felul \u00een care sunt concedia\u021bi tinerii, viitorul \u021b\u0103rii, \u00een timp ce oameni care au muncit 20\u201325 de ani \u00een condi\u021bii grele nu pot ie\u0219i la pensie \u00een mod corect arat\u0103 ceea ce vor s\u0103 fac\u0103 ace\u0219ti guvernan\u021bi\u201d, a declarat acesta.<\/p>\n<h3>Apel c\u0103tre guvern pentru salvarea companiei<\/h3>\n<p id=\"p-6\">Pre\u0219edintele AUR a f\u0103cut apel la guvern s\u0103 intervin\u0103 pentru salvarea companiei \u0219i pentru protejarea locurilor de munc\u0103 din sectorul energetic.<\/p>\n<p id=\"p-7\">\u201eApelez la ministrul Energiei, Bogdan Ivan, \u0219i la premierul Ilie Bolojan s\u0103 intervin\u0103 urgent pentru salvarea CE Oltenia, pentru continuarea produc\u021biei de energie \u00een Gorj \u0219i pentru protec\u021bia social\u0103 a celor care au muncit o via\u021b\u0103 \u00een cariere\u201d, a spus Simion.<\/p>\n<p id=\"p-8\">Liderul AUR a subliniat c\u0103 mineritul trebuie s\u0103 r\u0103m\u00e2n\u0103 un sector strategic pentru Rom\u00e2nia \u0219i c\u0103 resursele energetice ale \u021b\u0103rii trebuie exploatate \u00een beneficiul rom\u00e2nilor.<\/p>\n<p id=\"p-9\">\u201eMineritul trebuie continuat, resursele \u021b\u0103rii trebuie exploatate \u00een favoarea rom\u00e2nilor, iar tinerii trebuie s\u0103 aib\u0103 locuri de munc\u0103 sigure \u00een \u021bara lor, nu s\u0103 fie trimi\u0219i s\u0103 munceasc\u0103 peste hotare\u201d, a declarat George Simion.<\/p>\n<p id=\"p-10\"><img loading=\"lazy\" decoding=\"async\" class=\"alignnone  wp-image-23701705\" src=\"https:\/\/microscopemedia.com\/wp-content\/uploads\/2026\/03\/george-simion-la-protestul-minerilor-din-gorj-ceea-ce-se-intampla-la-ce-oltenia-este-un-atentat-la-siguranta-nationala.png\" alt width=\"249\" height=\"140\"><\/p>\n","protected":false},"excerpt":{"rendered":"<p>Liderul AUR a mers la T\u00e2rgu Jiu pentru a discuta cu minerii \u0219i energeticienii afla\u021bi \u00een protest \u0219i pentru a transmite un mesaj de solidaritate cu angaja\u021bii companiei. Potrivit sindicali\u0219tilor, &hellip; <a href=\"https:\/\/microscopemedia.com\/?p=681436\" class=\"more-link\">Read More<\/a><\/p>\n","protected":false},"author":1,"featured_media":681437,"comment_status":"closed","ping_status":"closed","sticky":false,"template":"Default","format":"standard","meta":[],"categories":[1],"tags":[],"_links":{"self":[{"href":"https:\/\/microscopemedia.com\/index.php?rest_route=\/wp\/v2\/posts\/681436"}],"collection":[{"href":"https:\/\/microscopemedia.com\/index.php?rest_route=\/wp\/v2\/posts"}],"about":[{"href":"https:\/\/microscopemedia.com\/index.php?rest_route=\/wp\/v2\/types\/post"}],"author":[{"embeddable":true,"href":"https:\/\/microscopemedia.com\/index.php?rest_route=\/wp\/v2\/users\/1"}],"replies":[{"embeddable":true,"href":"https:\/\/microscopemedia.com\/index.php?rest_route=%2Fwp%2Fv2%2Fcomments&post=681436"}],"version-history":[{"count":0,"href":"https:\/\/microscopemedia.com\/index.php?rest_route=\/wp\/v2\/posts\/681436\/revisions"}],"wp:featuredmedia":[{"embeddable":true,"href":"https:\/\/microscopemedia.com\/index.php?rest_route=\/wp\/v2\/media\/681437"}],"wp:attachment":[{"href":"https:\/\/microscopemedia.com\/index.php?rest_route=%2Fwp%2Fv2%2Fmedia&parent=681436"}],"wp:term":[{"taxonomy":"category","embeddable":true,"href":"https:\/\/microscopemedia.com\/index.php?rest_route=%2Fwp%2Fv2%2Fcategories&post=681436"},{"taxonomy":"post_tag","embeddable":true,"href":"https:\/\/microscopemedia.com\/index.php?rest_route=%2Fwp%2Fv2%2Ftags&post=681436"}],"curies":[{"name":"wp","href":"https:\/\/api.w.org\/{rel}","templated":true}]}}