{"id":681456,"date":"2026-03-12T13:56:03","date_gmt":"2026-03-12T13:56:03","guid":{"rendered":"https:\/\/microscopemedia.com\/?p=681456"},"modified":"2026-03-12T13:56:03","modified_gmt":"2026-03-12T13:56:03","slug":"generalul-r-dan-grecu-armata-a-suferit-groaznic-din-lipsa-investitiilor-este-esential-ca-achizitiile-militare-ale-romaniei-sa-fie-produse-local","status":"publish","type":"post","link":"https:\/\/microscopemedia.com\/?p=681456","title":{"rendered":"Generalul (r) Dan Grecu: Armata a suferit \u201egroaznic\u201d din lipsa investi\u021biilor \/ Este esen\u021bial ca achizi\u021biile militare ale Rom\u00e2niei s\u0103 fie produse local"},"content":{"rendered":"<div><img decoding=\"async\" src=\"https:\/\/microscopemedia.com\/wp-content\/uploads\/2026\/03\/generalul-r-dan-grecu-armata-a-suferit-groaznic-din-lipsa-investitiilor-este-esential-ca-achizitiile-militare-ale-romaniei-sa-fie-produse-local.jpg\" class=\"ff-og-image-inserted\"><\/div>\n<p id=\"p-0\">Invitat la podcastul <a href=\"https:\/\/www.g4media.ro\/video-generalul-r-dan-grecu-armata-a-suferit-groaznic-din-lipsa-investitiilor-este-esential-ca-achizitiile-militare-ale-romaniei-sa-fie-produse-local-efectele-razboiului-din.html\" target=\"_blank\" rel=\"noopener\"><strong><em>Frontier Defense (Ep. 4)<\/em>, g\u0103zduit de&nbsp;<em>G4Media.ro<\/em><\/strong><\/a>, acesta a subliniat c\u0103 \u00eenzestrarea a devenit o necesitate critic\u0103 \u0219i a demontat dezinform\u0103rile privind achizi\u021bia de armament vechi prin programul european SAFE. Grecu a tras un semnal de alarm\u0103 privind e\u0219ecul Rom\u00e2niei de a localiza produc\u021bia militar\u0103 \u2014 spre deosebire de modelul polonez \u2014 \u0219i a explicat de ce flancul sud-estic r\u0103m\u00e2ne vulnerabil f\u0103r\u0103 o ap\u0103rare de coast\u0103 solid\u0103 la Marea Neagr\u0103.<\/p>\n<p id=\"p-1\">\u201eRealitatea este c\u0103 Armata Rom\u00e2niei a suferit groaznic din punctul de vedere al \u00eenzestr\u0103rii dup\u0103 1989. Nu c\u0103 \u00eenainte de \u201989 ar fi fost super-tehnologie, dar m\u0103car exista cantitate. Mul\u021bi ani de zile, \u00eenzestrarea a avut o parte foarte mic\u0103 din bugetul ap\u0103r\u0103rii. \u00cen general am avut bani pentru personal, cheltuieli de personal, bani pu\u021bini pentru mentenan\u021b\u0103 la ceea ce exista \u0219i \u0219i mai pu\u021bin pentru \u00eenzestrare\u201d, a declarat Grecu. El a ad\u0103ugat c\u0103 \u201eorice se achizi\u021bioneaz\u0103 este bun\u201d \u0219i c\u0103, \u00een situa\u021bia actual\u0103 a Armatei Rom\u00e2ne, \u201eorice buget alocat \u00eenzestr\u0103rii este necesar\u201d.<\/p>\n<p id=\"p-2\">Invitatul a demontat dezinform\u0103rile care circul\u0103 \u00een mediul online, potrivit c\u0103rora Rom\u00e2nia cump\u0103r\u0103, cu banii \u00eemprumuta\u021bi prin mecanismul SAFE, armament vechi sau dep\u0103\u0219it. \u201eNu sunt vechi. Din acest punct de vedere nu sunt de acord. \u00cen primul r\u00e2nd, s\u0103 spunem ce \u00eenseamn\u0103 vechi. Po\u021bi s\u0103 folose\u0219ti un echipament militar ap\u0103rut acum 20-30 de ani. Cam aceasta este durata de via\u021b\u0103 normal\u0103 a unui echipament. Dar acest lucru nu \u00eenseamn\u0103 c\u0103 acel echipament nu evolueaz\u0103 \u00een timp\u201d, a explicat Dan Grecu.<\/p>\n<p id=\"p-3\">\u201eDin ceea ce am v\u0103zut eu pe list\u0103, tot ce este acolo reprezint\u0103 op\u021biuni bune\u201d, a ad\u0103ugat el.<\/p>\n<h2 id=\"chapter-0\">Industria na\u021bional\u0103 de ap\u0103rare: \u201eO problem\u0103 de securitate na\u021bional\u0103\u201d<\/h2>\n<p id=\"p-4\">Rom\u00e2nia trebuie s\u0103 produc\u0103 o mare parte din tehnica militar\u0103 achizi\u021bionat\u0103 pe plan local, deoarece acest demers permite redresarea industriei na\u021bionale de ap\u0103rare. Totodat\u0103, inova\u021biile militare ajung ulterior \u00een sectorul civil \u0219i sus\u021bin progresul economic, potrivit generalului. Starea actual\u0103 a industriei de ap\u0103rare din Rom\u00e2nia reprezint\u0103 o problem\u0103 critic\u0103 de securitate na\u021bional\u0103, potrivit lui Grecu, care a subliniat necesitatea autonomiei \u00een fa\u021ba constr\u00e2ngerilor furnizorilor externi.<\/p>\n<p id=\"p-5\">\u201eEste clar c\u0103 este o problem\u0103 de securitate na\u021bional\u0103. Este bine s\u0103 ai lucrul t\u0103u. \u00cen situa\u021bia \u00een care depinzi de altul ca furnizor, \u0219i acela are constr\u00e2ngerile lui, poate s\u0103 fie \u00een aceea\u0219i situa\u021bie ca tine\u201d, a declarat Grecu \u00een cadrul podcastului. Instrumente financiare precum SAFE sunt un sprijin pentru industria local\u0103, dar nu reprezint\u0103 un catalizator miraculos, deoarece principala problem\u0103 este lipsa unei strategii eficiente de localizare a produc\u021biei, conform generalului.<\/p>\n<p id=\"p-6\">Invitatul critic\u0103 diploma\u021bia politic\u0103 \u0219i economic\u0103 pentru e\u0219ecul de a impune condi\u021bii prin care tehnica militar\u0103 achizi\u021bionat\u0103 s\u0103 fie produs\u0103 \u00een Rom\u00e2nia. \u201eDiploma\u021bia politic\u0103 \u0219i cea economic\u0103 nu au g\u0103sit formele prin care s\u0103 aduc\u0103 produc\u021bia \u00een Rom\u00e2nia. Cu cei cu care facem contracte ar trebui s\u0103 stabilim condi\u021biile \u00een care produsele respective, indiferent c\u0103 sunt tancuri sau avioane, s\u0103 fie f\u0103cute \u00een Rom\u00e2nia cu participarea industriei na\u021bionale. Dac\u0103 fabrica r\u0103m\u00e2ne sub sigla companiei care investe\u0219te, \u00een cazul unui conflict, aceasta nu va pleca din Rom\u00e2nia. Fabrica va r\u0103m\u00e2ne aici\u201d, a explicat Grecu.<\/p>\n<p id=\"p-7\">O variant\u0103 pentru revigorarea industriei locale de ap\u0103rare ar putea fi parteneriatul public-privat. De exemplu,&nbsp;<a href=\"https:\/\/www.g4media.ro\/nu-exista-un-contract-pentru-vlah-vehiculul-blindat-dezvoltat-in-romania-dar-producatorul-a-explicat-de-ce-exista-proiectul-ceo-daca-acest-4x4-ar-intra-in-productie-ar-fi-fabricate-200-de-u.html\">proiectul VLAH<\/a>, primul vehicul blindat 4\u00d74 conceput \u00een Rom\u00e2nia dup\u0103 Revolu\u021bie, a fost realizat prin parteneriatul dintre compania privat\u0103&nbsp;<a href=\"https:\/\/www.g4media.ro\/video-constantin-pintilie-bluespace-technology-despre-inzestrarea-militara-romanii-nu-vor-produse-romanesti-vor-produse-de-firma-firmele-private-de-aparare-srl-uri-care-ince.html\">BlueSpace Technology<\/a>&nbsp;\u0219i Uzina Automecanic\u0103 Moreni, o filial\u0103 a companiei de stat Romarm. \u201ePoate s\u0103 fie parteneriat public-privat, poate s\u0103 fie numai privat\u201d, a punctat Dan Grecu.<\/p>\n<p id=\"p-8\">Generalul spune c\u0103 investi\u021biile \u00een tehnologia \u0219i \u00een industria militar\u0103 sunt benefice pentru \u00eentreaga societate. \u201eTot ceea ce s-a folosit \u00een sistemul militar a fost ulterior difuzat \u00een societatea civil\u0103 \u0219i \u00een industrie. Ceea ce era o fr\u00e2n\u0103 bun\u0103 la un camion militar a devenit o super-fr\u00e2n\u0103 la camioanele civile. Alte exemple includ sistemul de pozi\u021bionare global\u0103 GPS, care a ap\u0103rut ini\u021bial tot \u00een domeniul militar\u201d, a ad\u0103ugat invitatul.<\/p>\n<p id=\"p-9\">De\u0219i scumpe, investi\u021biile \u00een tehnic\u0103 militar\u0103 aduc beneficii. \u201eArmamentele \u0219i muni\u021biile sunt scumpe peste tot. Dar g\u00e2nde\u0219te-te c\u00e2t\u0103 dezvoltare economic\u0103 \u0219i c\u00e2t progres tehnologic \u00ee\u021bi aduc\u201d, a ad\u0103ugat Grecu.<\/p>\n<h2 id=\"chapter-1\">\u201eDronizarea\u201d c\u00e2mpului de lupt\u0103 \u0219i achizi\u021biile Rom\u00e2niei<\/h2>\n<p id=\"p-10\">Generalul remarc\u0103 o \u201edronizare\u201d a c\u00e2mpului de lupt\u0103 \u00een Ucraina, unde drone ieftine (FPV) pot neutraliza tancuri grele, de milioane de dolari. Rom\u00e2nia are o lips\u0103 de experien\u021b\u0103 \u00een acest domeniu \u0219i ar trebui s\u0103 colaboreze cu vecinii ucraineni pentru instruire, potrivit lui Grecu. De exemplu, Rom\u00e2nia a pus doar 70 de muni\u021bii de tip loitering (drone kamikaze) pe lista de achizi\u021bii SAFE.<\/p>\n<p id=\"p-11\">\u201eC\u00e2nd vorbim de utilizarea \u00een Ucraina a 1.000.000 de drone \u00eentr-un an, cifra pare a fi foarte mic\u0103. Realitatea din cei patru ani de r\u0103zboi ruso-ucrainean a ar\u0103tat o dronizare a c\u00e2mpului de lupt\u0103\u201d, a afirmat generalul.<\/p>\n<h2 id=\"chapter-2\">Amenin\u021b\u0103rile asimetrice \u0219i r\u0103zboiul hibrid<\/h2>\n<p id=\"p-12\">\u00centrebat dac\u0103 investim suficient \u00een combaterea amenin\u021b\u0103rilor asimetrice \u0219i a r\u0103zboiului hibrid, mai ales la Marea Neagr\u0103, generalul subliniaz\u0103 c\u0103 nu investim suficient nici m\u0103car \u00een \u201er\u0103zboiul clasic\u201d. De\u0219i nu exist\u0103 o defini\u021bie unanim\u0103 a r\u0103zboiului hibrid la nivel NATO, acesta include tot ce este non-cinetic: atacuri cibernetice, propagand\u0103 \u0219i blocaje economice (precum \u00eenchiderea unor zone din Marea Neagr\u0103 de c\u0103tre Rusia). \u201eNici la nivelul Alian\u021bei \u0219i nici la nivelul UE nu po\u021bi acoperi toate aceste forme de r\u0103zboi non-cinetic\u201d, a precizat Dan Grecu.<\/p>\n<p id=\"p-13\">Atacurile hibride nu sunt o amenin\u021bare viitoare pentru Rom\u00e2nia, ci o realitate prezent\u0103, iar \u021bara noastr\u0103 este o \u021bint\u0103 activ\u0103 a acestui tip de conflict non-militar,&nbsp;<a href=\"https:\/\/www.g4media.ro\/video-alina-bargaoanu-expert-in-combaterea-dezinformarii-despre-razboiul-hibrid-romania-este-deja-intr-un-razboi-informational-se-poate-vorbi-despre-interferenta-in-alegerile-din-2024-ce-spun.html\">\u00een opinia Alinei B\u00e2rg\u0103oanu<\/a>, profesor universitar \u0219i expert \u00een comunicare \u0219i combaterea dezinform\u0103rii. Ea a f\u0103cut aceast\u0103 afirma\u021bie \u00eentr-un episod anterior al podcastului&nbsp;<em>Frontier Defense<\/em>.<\/p>\n<h2 id=\"chapter-3\">Flancul nord-estic vs. flancul sud-estic<\/h2>\n<p id=\"p-14\">Generalul a confirmat \u00een podcast c\u0103 se acord\u0103 o aten\u021bie mai mare flancului nord-estic (Marea Baltic\u0103) dec\u00e2t celui sud-estic. Recent, ministrul ap\u0103r\u0103rii Radu Miru\u021b\u0103 a solicitat NATO o misiune la Marea Neagr\u0103. \u201eSe acord\u0103 mai mare aten\u021bie flancului nord-estic dec\u00e2t flancului sud-estic al Alian\u021bei, \u00een condi\u021biile \u00een care, prin aderarea Finlandei \u0219i a Suediei, Marea Baltic\u0103 este aproape o mare NATO\u201d, a afirmat invitatul.<\/p>\n<p id=\"p-15\">Marea Neagr\u0103 este un spa\u021biu dificil deoarece investi\u021biile \u00een for\u021bele navale rom\u00e2ne au \u00eent\u00e2rziat, iar Conven\u021bia de la Montreux restric\u021bioneaz\u0103 sta\u021bionarea navelor NATO care nu apar\u021bin \u021b\u0103rilor riverane, a mai spus generalul. Pentru aceast\u0103 regiune, solu\u021bia strategic\u0103 este \u00eent\u0103rirea ap\u0103r\u0103rii de coast\u0103 prin rachete antinav\u0103, artilerie \u0219i drone, pentru a interzice accesul inamic spre litoral, crede Grecu.<\/p>\n<p id=\"p-16\">\u201eDe aceea eu cred c\u0103, pe l\u00e2ng\u0103 ceea ce ne propunem s\u0103 facem pentru for\u021bele navale, trebuie s\u0103 acord\u0103m o foarte mare aten\u021bie capabilit\u0103\u021bilor de interzicere a accesului dinspre mare spre litoral. Aici un rol extraordinar va avea ap\u0103rarea de coast\u0103 \u00een toate formele: rachete antinav\u0103, artilerie, drone \u0219i altele\u201d, a spus invitatul.<\/p>\n<h2 id=\"chapter-4\">Vulnerabilit\u0103\u021bile Rom\u00e2niei \u0219i Portul Constan\u021ba<\/h2>\n<p id=\"p-17\">Potrivit invitatului, printre vulnerabilit\u0103\u021bile Rom\u00e2niei se num\u0103r\u0103 lipsa unei flote capabile s\u0103 apere interesele economice, precum exploat\u0103rile de gaze sau petrol, dar \u0219i necesitatea dezvolt\u0103rii rapide a Portului Constan\u021ba pentru a nu pierde relevan\u021ba economic\u0103 \u00een fa\u021ba altor porturi, precum cele din Bulgaria.<\/p>\n<p id=\"p-18\">\u201eO alt\u0103 vulnerabilitate legat\u0103 tot de Marea Neagr\u0103 este posibilitatea ca, dac\u0103 nu ne mi\u0219c\u0103m rapid s\u0103 dezvolt\u0103m capacit\u0103\u021bile portuare, \u00een special \u00een Portul Constan\u021ba, s\u0103 apar\u0103 cur\u00e2nd alte porturi care s\u0103 preia o mare parte din flux. Efectele sunt economice. Litoralul rom\u00e2nesc se poate ap\u0103ra relativ u\u0219or din punct de vedere militar. M\u0103 refer aici doar la impactul economic. Ocolirea Constan\u021bei \u00een favoarea altui port produce deja efecte \u00een cascad\u0103 din punct de vedere economic\u201d, a explicat generalul.<\/p>\n<h2 id=\"chapter-5\">Impactul conflictelor externe \u0219i sistemul Patriot<\/h2>\n<p id=\"p-19\"><strong>Not\u0103:<\/strong>&nbsp;<em>Episodul a fost \u00eenregistrat cu pu\u021bin timp \u00eenainte de izbucnirea r\u0103zboiului din Orientul Mijlociu, dup\u0103 atacarea Iranului de c\u0103tre SUA \u0219i Israel.<\/em><\/p>\n<p id=\"p-20\">\u00centrebat ulterior dac\u0103 conflictul va afecta aprovizionarea Rom\u00e2niei cu anumite echipamente, generalul a spus c\u0103 livrarea interceptorilor pentru sistemul de produc\u021bie american\u0103 Patriot va fi \u00eent\u00e2rziat\u0103. Sistemul de ap\u0103rare aerian\u0103 este piesa de rezisten\u021b\u0103 a protec\u021biei spa\u021biului aerian al \u021b\u0103rii.<\/p>\n<p id=\"p-21\">\u201eIdeea este urm\u0103toarea. Americanii au o capacitate de produc\u021bie de 650 \u2013 700 de interceptori pe an. \u00cencearc\u0103 s\u0103 o m\u0103reasc\u0103 cu 100 anul viitor \u0219i s\u0103 ajung\u0103 la 2.000 pe an p\u00e2n\u0103 \u00een 2031. Avem de-a face cu o disponibilitate redus\u0103\u201d, a declarat acesta.<\/p>\n<p id=\"p-22\">Generalul a spus c\u0103 SUA \u00ee\u0219i vor asigura \u201e\u00een mod sigur\u201d stocuri, at\u00e2t din produc\u021bie, c\u00e2t \u0219i prin transferuri. \u201eNu \u0219tim c\u00e2t vor consuma \u00een Iran\u201d, a ad\u0103ugat Grecu. El a precizat c\u0103 interceptorii sunt utiliza\u021bi \u00een special \u00eempotriva rachetelor balistice. \u201eConcluzia este c\u0103 aprovizionarea noastr\u0103 \u0219i a altora va fi \u00eent\u00e2rziat\u0103\u201d, a mai declarat generalul.<\/p>\n<h2 id=\"chapter-6\">Viitorul NATO \u0219i lec\u021bii din Ucraina<\/h2>\n<p id=\"p-23\">Generalul este optimist \u00een ceea ce prive\u0219te viitorul NATO, despre care crede c\u0103 va rezista tensiunilor geopolitice actuale. De\u0219i Europa trebuie s\u0103 \u00ee\u0219i asume o pondere mai mare \u00een cheltuieli \u0219i for\u021be, sprijinul american (umbrela nuclear\u0103, sateli\u021bii) r\u0103m\u00e2ne indispensabil.<\/p>\n<p id=\"p-24\">Totodat\u0103, Articolul 5 \u00ee\u0219i p\u0103streaz\u0103 caracterul descurajator \u00een ciuda tensiunilor dintre membrii NATO, fiind dublat de clauza de ap\u0103rare reciproc\u0103 din Tratatul de la Lisabona: \u201eEste un element de descurajare \u0219i \u00ee\u0219i va p\u0103stra acest caracter.\u201d<\/p>\n<p id=\"p-25\">Una dintre lec\u021biile pe care le putem \u00eenv\u0103\u021ba din r\u0103zboiul din Ucraina este necesitatea preg\u0103tirii popula\u021biei, teritoriului \u0219i economiei pentru ap\u0103rare. \u201ePrima lec\u021bie este c\u0103 trebuie s\u0103 fii preg\u0103tit pentru ap\u0103rare. Aceasta \u00eenseamn\u0103 for\u021be armate, indiferent c\u0103 sunt combatante sau de sprijin. \u00censeamn\u0103 preg\u0103tirea popula\u021biei, a teritoriului \u0219i a economiei\u201d, a explicat Grecu.<\/p>\n<p id=\"p-26\">Despre Rusia, generalul consider\u0103 c\u0103, de\u0219i are ambi\u021bii mari, capacitatea ei pentru un r\u0103zboi conven\u021bional \u00eempotriva NATO este limitat\u0103 de rezultatele modeste din Ucraina: doar 20% teritoriu ocupat \u00een patru ani.<\/p>\n","protected":false},"excerpt":{"rendered":"<p>Invitat la podcastul Frontier Defense (Ep. 4), g\u0103zduit de&nbsp;G4Media.ro, acesta a subliniat c\u0103 \u00eenzestrarea a devenit o necesitate critic\u0103 \u0219i a demontat dezinform\u0103rile privind achizi\u021bia de armament vechi prin programul &hellip; <a href=\"https:\/\/microscopemedia.com\/?p=681456\" class=\"more-link\">Read More<\/a><\/p>\n","protected":false},"author":1,"featured_media":681457,"comment_status":"closed","ping_status":"closed","sticky":false,"template":"Default","format":"standard","meta":[],"categories":[1],"tags":[],"_links":{"self":[{"href":"https:\/\/microscopemedia.com\/index.php?rest_route=\/wp\/v2\/posts\/681456"}],"collection":[{"href":"https:\/\/microscopemedia.com\/index.php?rest_route=\/wp\/v2\/posts"}],"about":[{"href":"https:\/\/microscopemedia.com\/index.php?rest_route=\/wp\/v2\/types\/post"}],"author":[{"embeddable":true,"href":"https:\/\/microscopemedia.com\/index.php?rest_route=\/wp\/v2\/users\/1"}],"replies":[{"embeddable":true,"href":"https:\/\/microscopemedia.com\/index.php?rest_route=%2Fwp%2Fv2%2Fcomments&post=681456"}],"version-history":[{"count":0,"href":"https:\/\/microscopemedia.com\/index.php?rest_route=\/wp\/v2\/posts\/681456\/revisions"}],"wp:featuredmedia":[{"embeddable":true,"href":"https:\/\/microscopemedia.com\/index.php?rest_route=\/wp\/v2\/media\/681457"}],"wp:attachment":[{"href":"https:\/\/microscopemedia.com\/index.php?rest_route=%2Fwp%2Fv2%2Fmedia&parent=681456"}],"wp:term":[{"taxonomy":"category","embeddable":true,"href":"https:\/\/microscopemedia.com\/index.php?rest_route=%2Fwp%2Fv2%2Fcategories&post=681456"},{"taxonomy":"post_tag","embeddable":true,"href":"https:\/\/microscopemedia.com\/index.php?rest_route=%2Fwp%2Fv2%2Ftags&post=681456"}],"curies":[{"name":"wp","href":"https:\/\/api.w.org\/{rel}","templated":true}]}}