{"id":681460,"date":"2026-03-12T14:26:03","date_gmt":"2026-03-12T14:26:03","guid":{"rendered":"https:\/\/microscopemedia.com\/?p=681460"},"modified":"2026-03-12T14:26:03","modified_gmt":"2026-03-12T14:26:03","slug":"volodimir-zelenski-multumeste-romaniei-si-presedintelui-dan-pentru-sprijinul-acordat-dupa-semnarea-mai-multor-acorduri-bilaterale","status":"publish","type":"post","link":"https:\/\/microscopemedia.com\/?p=681460","title":{"rendered":"Volodimir Zelenski mul\u021bume\u0219te Rom\u00e2niei \u0219i pre\u0219edintelui Dan pentru sprijinul acordat, dup\u0103 semnarea mai multor acorduri bilaterale"},"content":{"rendered":"<div><img decoding=\"async\" src=\"https:\/\/microscopemedia.com\/wp-content\/uploads\/2026\/03\/volodimir-zelenski-multumeste-romaniei-si-presedintelui-dan-pentru-sprijinul-acordat-dupa-semnarea-mai-multor-acorduri-bilaterale.jpg\" class=\"ff-og-image-inserted\"><\/div>\n<p id=\"p-0\"><span>\u201eMul\u021bumesc Rom\u00e2niei \u0219i dumneavoastr\u0103 personal\u0103, domnule pre\u0219edinte, pentru pozi\u021bia principial\u0103 pe parcursul acestor patru ani de r\u0103zboi al Rusiei \u00eempotriva Ucrainei \u0219i \u00eempotriva Europei\u201d, a spus Zelenski, joi, la Palatul Cotroceni.&nbsp;<\/span><\/p>\n<h2 id=\"chapter-0\">Componenta de Ap\u0103rare<\/h2>\n<p id=\"p-1\"><span>\u201eAst\u0103zi, \u00eent\u00e2lnirea noastr\u0103 \u0219i discu\u021biile se refer\u0103 \u00een primul r\u00e2nd la modul \u00een care putem colabora mai mult, inclusiv \u00een domeniul economic, pentru binele popoarelor noastre. Ce putem face mai mult \u0219i pentru securitatea na\u021bional\u0103 ale statelor noastre. Expertiza noastr\u0103 deja se afl\u0103 \u00een Orientul Mijlociu \u0219i consider\u0103m c\u0103 \u00een regiunea noastr\u0103, \u00een toat\u0103 Europa, \u00een alte state ale Europei, este nevoie de mai mult\u0103 colaborare, de folosirea expertizei noastre pe care o am acumulat\u0103 de lungul timpului \u0219i ea poate fi util\u0103. Rom\u00e2nia, \u00eempreun\u0103 cu alte state, ne-a ajutat s\u0103 ne ap\u0103r\u0103m cet\u0103\u021benii. Continu\u0103m colaborarea, propunem extinderea colabor\u0103rii \u00eentre statele noastre pentru a ne ap\u0103ra de toate pericole care pot ap\u0103rea din partea Rusiei\u201d, a spus Zelenski despre componeta de ap\u0103rare.&nbsp;<\/span><\/p>\n<h2 id=\"chapter-1\">Componenta energetic\u0103<\/h2>\n<p id=\"p-2\"><span>Despre acordul pe energie, pre\u0219edintele ucrainean a afirmat: \u201eConstruim \u00eempreun\u0103 cu Rom\u00e2nia dou\u0103 linii noi de furnizare a energiei electrice, lucr\u0103rile sprijin\u0103 regiunile noastre, regiunile Cern\u0103u\u021bi din Ucraina \u0219i va permite Rom\u00e2nia s\u0103 devin\u0103 mai puternic\u0103 din ceea ce vorbe\u0219te garantarea securit\u0103\u021bii energetice \u00een aceast\u0103 zon\u0103 a Europei. Este reciproc avantajos pentru ambele state. Documentul care se refer\u0103 la construc\u021bia interconectarilor a fost semnat ast\u0103zi. Este important ca \u00eempreun\u0103 s\u0103 putem realiza proiecte \u00een domeniul exploat\u0103rii de petrolul \u00een Marea Neagr\u0103. Rom\u00e2nia deja a f\u0103cut pa\u0219i significative \u00een aceast\u0103 direc\u021bie. Avem posibilit\u0103\u021bi de dezvoltare, avem colabor\u0103ri, avem propuneri concrete. Am vorbit ast\u0103zi foarte mult despre proiecte concrete \u00een domeniul petrolului \u0219i gaze, domeniul \u00een care Rom\u00e2nia ne poate sprijin\u201d.&nbsp;<\/span><\/p>\n<p id=\"p-3\"><span>Privind participarea la formatul B9 de la Bucure\u0219ti, Zelenski a r\u0103spuns afrimat invita\u021biei f\u0103cute de pre\u0219edintele Nicu\u0219or Dan.&nbsp;<\/span><\/p>\n<p id=\"p-4\"><span>Totodat\u0103, pre\u0219edintele ucrainean a anun\u021bat semnarea unui decret prin care ziua de 31 august va deveni Ziua Limbii Rom\u00e2ne \u00een Ucraina..&nbsp;<\/span><\/p>\n","protected":false},"excerpt":{"rendered":"<p>\u201eMul\u021bumesc Rom\u00e2niei \u0219i dumneavoastr\u0103 personal\u0103, domnule pre\u0219edinte, pentru pozi\u021bia principial\u0103 pe parcursul acestor patru ani de r\u0103zboi al Rusiei \u00eempotriva Ucrainei \u0219i \u00eempotriva Europei\u201d, a spus Zelenski, joi, la Palatul &hellip; <a href=\"https:\/\/microscopemedia.com\/?p=681460\" class=\"more-link\">Read More<\/a><\/p>\n","protected":false},"author":1,"featured_media":681461,"comment_status":"closed","ping_status":"closed","sticky":false,"template":"Default","format":"standard","meta":[],"categories":[1],"tags":[],"_links":{"self":[{"href":"https:\/\/microscopemedia.com\/index.php?rest_route=\/wp\/v2\/posts\/681460"}],"collection":[{"href":"https:\/\/microscopemedia.com\/index.php?rest_route=\/wp\/v2\/posts"}],"about":[{"href":"https:\/\/microscopemedia.com\/index.php?rest_route=\/wp\/v2\/types\/post"}],"author":[{"embeddable":true,"href":"https:\/\/microscopemedia.com\/index.php?rest_route=\/wp\/v2\/users\/1"}],"replies":[{"embeddable":true,"href":"https:\/\/microscopemedia.com\/index.php?rest_route=%2Fwp%2Fv2%2Fcomments&post=681460"}],"version-history":[{"count":0,"href":"https:\/\/microscopemedia.com\/index.php?rest_route=\/wp\/v2\/posts\/681460\/revisions"}],"wp:featuredmedia":[{"embeddable":true,"href":"https:\/\/microscopemedia.com\/index.php?rest_route=\/wp\/v2\/media\/681461"}],"wp:attachment":[{"href":"https:\/\/microscopemedia.com\/index.php?rest_route=%2Fwp%2Fv2%2Fmedia&parent=681460"}],"wp:term":[{"taxonomy":"category","embeddable":true,"href":"https:\/\/microscopemedia.com\/index.php?rest_route=%2Fwp%2Fv2%2Fcategories&post=681460"},{"taxonomy":"post_tag","embeddable":true,"href":"https:\/\/microscopemedia.com\/index.php?rest_route=%2Fwp%2Fv2%2Ftags&post=681460"}],"curies":[{"name":"wp","href":"https:\/\/api.w.org\/{rel}","templated":true}]}}