{"id":681470,"date":"2026-03-12T15:16:04","date_gmt":"2026-03-12T15:16:04","guid":{"rendered":"https:\/\/microscopemedia.com\/?p=681470"},"modified":"2026-03-12T15:16:04","modified_gmt":"2026-03-12T15:16:04","slug":"presedintele-camerei-consultantilor-fiscali-pe-fondul-discutiilor-privind-bugetul-pentru-2026-dan-manolescu-o-prima-optiune-ar-reprezenta-o-reducerea-accizei-la-carburanti","status":"publish","type":"post","link":"https:\/\/microscopemedia.com\/?p=681470","title":{"rendered":"Pre\u0219edintele Camerei Consultan\u021bilor Fiscali, pe fondul discu\u021biilor privind bugetul pentru 2026. Dan Manolescu: \u201eO prim\u0103 op\u021biune ar reprezenta-o reducerea accizei la carburan\u021bi\u201d"},"content":{"rendered":"<div><img decoding=\"async\" src=\"https:\/\/microscopemedia.com\/wp-content\/uploads\/2026\/03\/presedintele-camerei-consultantilor-fiscali-pe-fondul-discutiilor-privind-bugetul-pentru-2026-dan-manolescu-o-prima-optiune-ar-reprezenta-o-reducerea-accizei-la-carburanti.jpg\" class=\"ff-og-image-inserted\"><\/div>\n<p id=\"p-0\">O prim\u0103 op\u021biune ar reprezenta-o reducerea accizei la carburan\u021bi, arat\u0103 Dan Manolescu, \u00eentr-un comunicat transmis joi.<\/p>\n<p id=\"p-1\"><a href=\"https:\/\/www.mediafax.ro\/economic\/bugetul-pentru-2026-investitii-record-si-deficit-de-62-din-pib-bani-mai-multi-pentru-autoritatile-locale-23700357\">Proiectul de buget pentru 2026<\/a> mizeaz\u0103 pe investi\u021bii publice la nivel record \u0219i pe utilizarea extins\u0103 a fondurilor europene, fiind orientat c\u0103tre mediul de afaceri \u0219i relansarea economic\u0103, potrivit Ministerului Finan\u021belor.<\/p>\n<blockquote readability=\"13\">\n<p id=\"p-2\">\u201eRecunoa\u0219tem c\u0103 o astfel de decizie este dificil de implementat \u00een condi\u021biile \u00een care bugetul a fost, cel mai probabil, construit pe parametrii fiscali actuali. Cu toate acestea, contextul o justific\u0103. \u00cen cazul \u00een care o reducere a accizei la carburan\u021bi nu este fezabil\u0103, propunem cel pu\u021bin am\u00e2narea major\u0103rilor de accize \u0219i a altor cre\u0219teri de taxe planificate pentru perioada imediat urm\u0103toare \u2013 \u00een special pentru categoriile de produse care au contribuit deja semnificativ la presiunile inflationiste din ultimii doi ani\u201d, a declarat Dan Manolescu.<\/p>\n<\/blockquote>\n<p id=\"p-3\">Camera Consultan\u021bilor Fiscali este o organiza\u021bie profesional\u0103 de utilitate public\u0103, persoan\u0103 juridic\u0103 f\u0103r\u0103 scop lucrativ, cu patrimoniu \u015fi buget propriu, constituit\u0103 din peste 6.000 de consultan\u0163i fiscali, consultan\u021bi fiscali asisten\u021bi care au dob\u00e2ndit aceast\u0103 calitate, precum \u0219i societ\u0103\u021bile de consultan\u021b\u0103 fiscal\u0103, autorizate de Camer\u0103<\/p>\n<h2 id=\"chapter-0\">Statul beneficiaz\u0103 \u00een mod automat de \u00eencas\u0103ri suplimentare din TVA<\/h2>\n<blockquote readability=\"12\">\n<p id=\"p-4\">\u201eArgumentul economic este clar: infla\u021bia acumulat\u0103 \u00een urma scumpirilor succesive se resimte \u00een continuare at\u00e2t \u00een buzunarele cet\u0103\u021benilor, c\u00e2t \u0219i \u00een costurile opera\u021bionale ale companiilor. Totodat\u0103, statul beneficiaz\u0103 \u00een mod automat de \u00eencas\u0103ri suplimentare din TVA ca urmare a cre\u0219terii pre\u021burilor, ceea ce creeaz\u0103 un spa\u021biu real de manevr\u0103 pentru ajust\u0103ri fiscale compensatorii\u201d, a declarat Dan Manolescu.<\/p>\n<\/blockquote>\n<p id=\"p-5\">Potrivit pre\u0219edintelui Camerei Consultan\u021bilor Fiscali, <a href=\"https:\/\/www.mediafax.ro\/politic\/noi-contre-in-coalitie-psd-va-aviza-proiectul-de-buget-pentru-a-rezolva-in-parlament-ceea-ce-a-fost-blocat-de-premier-23701616\">Guvernul<\/a> dispune de instrumentele necesare pentru a ac\u021biona.<\/p>\n<p id=\"p-6\">\u201eAm\u00e2narea acestor major\u0103ri nu reprezint\u0103 un sacrificiu bugetar, ci o interven\u021bie responsabil\u0103, care poate oferi o gur\u0103 de oxigen at\u00e2t popula\u021biei, c\u00e2t \u0219i mediului de afaceri, \u00eentr-un moment de presiune economic\u0103 crescut\u0103\u201d, a conchis specialistul.<\/p>\n<p id=\"p-7\">&nbsp;<\/p>\n","protected":false},"excerpt":{"rendered":"<p>O prim\u0103 op\u021biune ar reprezenta-o reducerea accizei la carburan\u021bi, arat\u0103 Dan Manolescu, \u00eentr-un comunicat transmis joi. Proiectul de buget pentru 2026 mizeaz\u0103 pe investi\u021bii publice la nivel record \u0219i pe &hellip; <a href=\"https:\/\/microscopemedia.com\/?p=681470\" class=\"more-link\">Read More<\/a><\/p>\n","protected":false},"author":1,"featured_media":681471,"comment_status":"closed","ping_status":"closed","sticky":false,"template":"Default","format":"standard","meta":[],"categories":[1],"tags":[],"_links":{"self":[{"href":"https:\/\/microscopemedia.com\/index.php?rest_route=\/wp\/v2\/posts\/681470"}],"collection":[{"href":"https:\/\/microscopemedia.com\/index.php?rest_route=\/wp\/v2\/posts"}],"about":[{"href":"https:\/\/microscopemedia.com\/index.php?rest_route=\/wp\/v2\/types\/post"}],"author":[{"embeddable":true,"href":"https:\/\/microscopemedia.com\/index.php?rest_route=\/wp\/v2\/users\/1"}],"replies":[{"embeddable":true,"href":"https:\/\/microscopemedia.com\/index.php?rest_route=%2Fwp%2Fv2%2Fcomments&post=681470"}],"version-history":[{"count":0,"href":"https:\/\/microscopemedia.com\/index.php?rest_route=\/wp\/v2\/posts\/681470\/revisions"}],"wp:featuredmedia":[{"embeddable":true,"href":"https:\/\/microscopemedia.com\/index.php?rest_route=\/wp\/v2\/media\/681471"}],"wp:attachment":[{"href":"https:\/\/microscopemedia.com\/index.php?rest_route=%2Fwp%2Fv2%2Fmedia&parent=681470"}],"wp:term":[{"taxonomy":"category","embeddable":true,"href":"https:\/\/microscopemedia.com\/index.php?rest_route=%2Fwp%2Fv2%2Fcategories&post=681470"},{"taxonomy":"post_tag","embeddable":true,"href":"https:\/\/microscopemedia.com\/index.php?rest_route=%2Fwp%2Fv2%2Ftags&post=681470"}],"curies":[{"name":"wp","href":"https:\/\/api.w.org\/{rel}","templated":true}]}}