{"id":681490,"date":"2026-03-12T17:26:03","date_gmt":"2026-03-12T17:26:03","guid":{"rendered":"https:\/\/microscopemedia.com\/?p=681490"},"modified":"2026-03-12T17:26:03","modified_gmt":"2026-03-12T17:26:03","slug":"o-mare-capitala-europeana-interzice-vanzarea-de-alcool-in-timpul-noptii","status":"publish","type":"post","link":"https:\/\/microscopemedia.com\/?p=681490","title":{"rendered":"O mare capital\u0103 european\u0103 interzice v\u00e2nzarea de alcool \u00een timpul nop\u021bii"},"content":{"rendered":"<div><img decoding=\"async\" src=\"https:\/\/microscopemedia.com\/wp-content\/uploads\/2026\/03\/o-mare-capitala-europeana-interzice-vanzarea-de-alcool-in-timpul-noptii.jpg\" class=\"ff-og-image-inserted\"><\/div>\n<p id=\"p-0\">Noua interdic\u021bie vine dup\u0103 programe pilot derulate \u00een dou\u0103 districte din Var\u0219ovia, inclusiv \u00een centrul ora\u0219ului, unde v\u00e2nzarea de alcool \u00een magazine \u0219i la benzin\u0103rii a fost interzis\u0103 \u00eentre orele 22:00 \u0219i 06:00, relateaz\u0103 AFP.<\/p>\n<p id=\"p-1\">\u201eR\u0103spundem unei probleme reale, \u0219i anume zgomotul, tulbur\u0103rile de ordine public\u0103, interven\u021biile serviciilor \u0219i nop\u021bile nedormite pentru locuitori\u201d, a declarat primarul Var\u0219oviei, Rafa\u0142 Trzaskowski.<\/p>\n<p id=\"p-2\">Restric\u021biile privind v\u00e2nzarea de alcool pe timp de noapte devin tot mai r\u0103sp\u00e2ndite \u00een Polonia, aproximativ 180 de municipalit\u0103\u021bi introduc\u00e2nd astfel de m\u0103suri \u00eentre 2018 \u0219i 2024.<\/p>\n<p id=\"p-3\">Multe dintre cele mai mari ora\u0219e ale \u021b\u0103rii, inclusiv Cracovia, Wroc\u0142aw, Szczecin \u0219i \u0141\u00f3d\u017a, au implementat m\u0103suri similare.<\/p>\n<p id=\"p-4\">Cracovia, \u00een special, a observat o reducere semnificativ\u0103 a incidentelor nocturne dup\u0103 introducerea interdic\u021biei. \u00cen 2025, poli\u021bia a intervenit de 52 de ori pentru consum excesiv de alcool, mult mai pu\u021bin dec\u00e2t \u00een 2022, cu un an \u00eenainte de introducerea interdic\u021biei, c\u00e2nd au fost 350 de interven\u021bii.<\/p>\n<p id=\"p-5\">Potrivit datelor Eurostat din 2022, Polonia se afla pe locul al doilea \u00een UE \u00een ceea ce prive\u0219te decesele legate de alcool, fiind dep\u0103\u0219it\u0103 doar de Slovacia.<\/p>\n<p id=\"p-6\">Dac\u0103 interdic\u021bia adoptat\u0103 la Var\u0219ovia nu va fi contestat\u0103 de guvernul regional, aceasta va intra \u00een vigoare la 1 iunie.<\/p>\n<p id=\"p-7\">V\u00e2nzarea de alcool pe timp de noapte va r\u0103m\u00e2ne permis\u0103 \u00een restaurante, baruri, locuri de divertisment \u0219i \u00een magazinele duty-free de pe aeroportul Chopin din Var\u0219ovia.<\/p>\n","protected":false},"excerpt":{"rendered":"<p>Noua interdic\u021bie vine dup\u0103 programe pilot derulate \u00een dou\u0103 districte din Var\u0219ovia, inclusiv \u00een centrul ora\u0219ului, unde v\u00e2nzarea de alcool \u00een magazine \u0219i la benzin\u0103rii a fost interzis\u0103 \u00eentre orele &hellip; <a href=\"https:\/\/microscopemedia.com\/?p=681490\" class=\"more-link\">Read More<\/a><\/p>\n","protected":false},"author":1,"featured_media":681491,"comment_status":"closed","ping_status":"closed","sticky":false,"template":"Default","format":"standard","meta":[],"categories":[1],"tags":[],"_links":{"self":[{"href":"https:\/\/microscopemedia.com\/index.php?rest_route=\/wp\/v2\/posts\/681490"}],"collection":[{"href":"https:\/\/microscopemedia.com\/index.php?rest_route=\/wp\/v2\/posts"}],"about":[{"href":"https:\/\/microscopemedia.com\/index.php?rest_route=\/wp\/v2\/types\/post"}],"author":[{"embeddable":true,"href":"https:\/\/microscopemedia.com\/index.php?rest_route=\/wp\/v2\/users\/1"}],"replies":[{"embeddable":true,"href":"https:\/\/microscopemedia.com\/index.php?rest_route=%2Fwp%2Fv2%2Fcomments&post=681490"}],"version-history":[{"count":0,"href":"https:\/\/microscopemedia.com\/index.php?rest_route=\/wp\/v2\/posts\/681490\/revisions"}],"wp:featuredmedia":[{"embeddable":true,"href":"https:\/\/microscopemedia.com\/index.php?rest_route=\/wp\/v2\/media\/681491"}],"wp:attachment":[{"href":"https:\/\/microscopemedia.com\/index.php?rest_route=%2Fwp%2Fv2%2Fmedia&parent=681490"}],"wp:term":[{"taxonomy":"category","embeddable":true,"href":"https:\/\/microscopemedia.com\/index.php?rest_route=%2Fwp%2Fv2%2Fcategories&post=681490"},{"taxonomy":"post_tag","embeddable":true,"href":"https:\/\/microscopemedia.com\/index.php?rest_route=%2Fwp%2Fv2%2Ftags&post=681490"}],"curies":[{"name":"wp","href":"https:\/\/api.w.org\/{rel}","templated":true}]}}