{"id":681498,"date":"2026-03-12T18:06:04","date_gmt":"2026-03-12T18:06:04","guid":{"rendered":"https:\/\/microscopemedia.com\/?p=681498"},"modified":"2026-03-12T18:06:04","modified_gmt":"2026-03-12T18:06:04","slug":"curtea-penala-internationala-deschide-o-ancheta-impotriva-belarusului-privind-presupuse-crime-impotriva-umanitatii","status":"publish","type":"post","link":"https:\/\/microscopemedia.com\/?p=681498","title":{"rendered":"Curtea Penal\u0103 Interna\u021bional\u0103 deschide o anchet\u0103 \u00eempotriva Belarusului privind presupuse crime \u00eempotriva umanit\u0103\u021bii"},"content":{"rendered":"<div><img decoding=\"async\" src=\"https:\/\/microscopemedia.com\/wp-content\/uploads\/2026\/03\/curtea-penala-internationala-deschide-o-ancheta-impotriva-belarusului-privind-presupuse-crime-impotriva-umanitatii.jpg\" class=\"ff-og-image-inserted\"><\/div>\n<p id=\"p-0\"><span>Ancheta vizeaz\u0103 presupuse ac\u021biuni ale autorit\u0103\u021bilor belaruse \u00eendreptate \u00eempotriva \u201eoponen\u021bilor reali sau percepu\u021bi\u201d ai guvernului de la Minsk.&nbsp;<\/span><\/p>\n<p id=\"p-1\"><span>Procurorii au precizat c\u0103 exist\u0103 motive rezonabile s\u0103 cread\u0103 c\u0103 aceste fapte au f\u0103cut parte dintr-un atac sistematic \u00eempotriva popula\u021biei civile.&nbsp;<\/span><\/p>\n<p id=\"p-2\"><span>\u201eExist\u0103, de asemenea, motive \u00eentemeiate pentru a crede c\u0103 aceste crime au fost comise ca parte a unui atac pe scar\u0103 larg\u0103 \u0219i sistematic \u00eempotriva popula\u021biei civile, av\u00e2nd \u00een vedere amploarea lor, num\u0103rul victimelor \u0219i natura organizat\u0103 a actelor\u201d, se arat\u0103 \u00een comunicatul citat de <span><a href=\"https:\/\/www.reuters.com\/world\/europe\/icc-opens-probe-into-alleged-crimes-against-humanity-by-belarus-2026-03-12\/\">Reuters<\/a><\/span>.&nbsp;<\/span><\/p>\n<p id=\"p-3\"><span>De\u0219i Belarus nu este stat membru al Cur\u021bii Penale Interna\u021bionale, cazul a fost sesizat de Lituania, care recunoa\u0219te instan\u021ba interna\u021bional\u0103.&nbsp;<\/span><\/p>\n<p id=\"p-4\"><span>Procurorii au stabilit c\u0103 o parte dintre presupusele infrac\u021biuni ar fi avut loc pe teritoriul Lituaniei, ceea ce ofer\u0103 Cur\u021bii competen\u021b\u0103 juridic\u0103 pentru investigarea cazului.<\/span><\/p>\n<p id=\"p-5\"><span>De\u0219i guvernul de la Minsk nu a reac\u021bionat, lidera opozi\u021biei din Belarus, <\/span><span>Svetlana Tihanovskaia, a anun\u021bat: \u201eSute de mii de belaru\u0219i au suferit \u0219i continu\u0103 s\u0103 sufere din cauza ac\u021biunilor regimului. Politicile lui Luka\u0219enko creeaz\u0103, de asemenea, amenin\u021b\u0103ri pentru vecinii Belarusului. Aceast\u0103 decizie restabile\u0219te speran\u021ba. C\u0103 dreptatea va triumfa, c\u0103 cei responsabili vor fi tra\u0219i la r\u0103spundere \u0219i c\u0103 victimele vor primi \u00een sf\u00e2r\u0219it adev\u0103r \u0219i dreptate\u201d.&nbsp;<\/span><\/p>\n","protected":false},"excerpt":{"rendered":"<p>Ancheta vizeaz\u0103 presupuse ac\u021biuni ale autorit\u0103\u021bilor belaruse \u00eendreptate \u00eempotriva \u201eoponen\u021bilor reali sau percepu\u021bi\u201d ai guvernului de la Minsk.&nbsp; Procurorii au precizat c\u0103 exist\u0103 motive rezonabile s\u0103 cread\u0103 c\u0103 aceste fapte &hellip; <a href=\"https:\/\/microscopemedia.com\/?p=681498\" class=\"more-link\">Read More<\/a><\/p>\n","protected":false},"author":1,"featured_media":681499,"comment_status":"closed","ping_status":"closed","sticky":false,"template":"Default","format":"standard","meta":[],"categories":[1],"tags":[],"_links":{"self":[{"href":"https:\/\/microscopemedia.com\/index.php?rest_route=\/wp\/v2\/posts\/681498"}],"collection":[{"href":"https:\/\/microscopemedia.com\/index.php?rest_route=\/wp\/v2\/posts"}],"about":[{"href":"https:\/\/microscopemedia.com\/index.php?rest_route=\/wp\/v2\/types\/post"}],"author":[{"embeddable":true,"href":"https:\/\/microscopemedia.com\/index.php?rest_route=\/wp\/v2\/users\/1"}],"replies":[{"embeddable":true,"href":"https:\/\/microscopemedia.com\/index.php?rest_route=%2Fwp%2Fv2%2Fcomments&post=681498"}],"version-history":[{"count":0,"href":"https:\/\/microscopemedia.com\/index.php?rest_route=\/wp\/v2\/posts\/681498\/revisions"}],"wp:featuredmedia":[{"embeddable":true,"href":"https:\/\/microscopemedia.com\/index.php?rest_route=\/wp\/v2\/media\/681499"}],"wp:attachment":[{"href":"https:\/\/microscopemedia.com\/index.php?rest_route=%2Fwp%2Fv2%2Fmedia&parent=681498"}],"wp:term":[{"taxonomy":"category","embeddable":true,"href":"https:\/\/microscopemedia.com\/index.php?rest_route=%2Fwp%2Fv2%2Fcategories&post=681498"},{"taxonomy":"post_tag","embeddable":true,"href":"https:\/\/microscopemedia.com\/index.php?rest_route=%2Fwp%2Fv2%2Ftags&post=681498"}],"curies":[{"name":"wp","href":"https:\/\/api.w.org\/{rel}","templated":true}]}}