{"id":681508,"date":"2026-03-12T19:06:04","date_gmt":"2026-03-12T19:06:04","guid":{"rendered":"https:\/\/microscopemedia.com\/?p=681508"},"modified":"2026-03-12T19:06:04","modified_gmt":"2026-03-12T19:06:04","slug":"volodimir-zelenski-dupa-intalnirea-cu-premierul-bolojan-sprijin-militar-si-cooperare-energetica-pe-agenda-discutiilor","status":"publish","type":"post","link":"https:\/\/microscopemedia.com\/?p=681508","title":{"rendered":"Volodimir Zelenski, dup\u0103 \u00eent\u00e2lnirea cu premierul Bolojan: Sprijin militar \u0219i cooperare energetic\u0103, pe agenda discu\u021biilor"},"content":{"rendered":"<div><img decoding=\"async\" src=\"https:\/\/microscopemedia.com\/wp-content\/uploads\/2026\/03\/volodimir-zelenski-dupa-intalnirea-cu-premierul-bolojan-sprijin-militar-si-cooperare-energetica-pe-agenda-discutiilor.jpg\" class=\"ff-og-image-inserted\"><\/div>\n<p id=\"p-0\"><span>\u201e\u00cen timpul unei \u00eent\u00e2lniri cu prim-ministrul Rom\u00e2niei, Ilie Bolojan, am discutat despre sprijinul \u00een ap\u0103rare. Consolidarea ap\u0103r\u0103rii aeriene este o prioritate pentru Ucraina\u201d, se arat\u0103 \u00een mesajul publicat pe X de liderul de la Kiev, ad\u0103ug\u00e2nd: \u201eMul\u021bumesc Rom\u00e2niei pentru asisten\u021ba militar\u0103 \u0219i contribu\u021biile la ini\u021biativa PURL\u201d.&nbsp;<\/span><\/p>\n<p id=\"p-1\"><span>Cei doi oficiali au discutat \u0219i despre colaborarea \u00een vederea consolid\u0103rii rela\u021biei energetice dintre cele dou\u0103 state.&nbsp;<\/span><\/p>\n<p id=\"p-2\"><span>\u201eEste important s\u0103 dezvolt\u0103m re\u021beaua energetic\u0103 dintre \u021b\u0103rile noastre, ceea ce va ajuta Ucraina \u00een contextul penuriilor cauzate de atacurile continue ale Rusiei asupra infrastructurii noastre energetice \u0219i, de asemenea, va sprijini Rom\u00e2nia atunci c\u00e2nd vom avea un surplus \u0219i vom putea exporta energie electric\u0103\u201d, transmite Zelenski.&nbsp;<\/span><\/p>\n<p id=\"p-3\"><span>Un alt aspect discutat la Palatul Victoria a fost extinderea punctelor de trecere a frontierei. \u201eO aten\u021bie deosebit\u0103 a fost acordat\u0103 extinderii punctelor de trecere a frontierei dintre Ucraina \u0219i Rom\u00e2nia. De asemenea, am discutat despre lucr\u0103rile la un acord interguvernamental privind supravegherea comun\u0103 la punctele de trecere a frontierei dintre Ucraina \u0219i Rom\u00e2nia\u201d, se mai arat\u0103 \u00een mesaj.&nbsp;<\/span><\/p>\n<p id=\"p-4\"><span>\u201e\u00cei mul\u021bumesc lui Ilie Bolojan pentru \u00eent\u00e2lnire \u0219i pentru sprijinul acordat Ucrainei\u201d, conchide Zelenski.&nbsp;<\/span><\/p>\n","protected":false},"excerpt":{"rendered":"<p>\u201e\u00cen timpul unei \u00eent\u00e2lniri cu prim-ministrul Rom\u00e2niei, Ilie Bolojan, am discutat despre sprijinul \u00een ap\u0103rare. Consolidarea ap\u0103r\u0103rii aeriene este o prioritate pentru Ucraina\u201d, se arat\u0103 \u00een mesajul publicat pe X &hellip; <a href=\"https:\/\/microscopemedia.com\/?p=681508\" class=\"more-link\">Read More<\/a><\/p>\n","protected":false},"author":1,"featured_media":681509,"comment_status":"closed","ping_status":"closed","sticky":false,"template":"Default","format":"standard","meta":[],"categories":[1],"tags":[],"_links":{"self":[{"href":"https:\/\/microscopemedia.com\/index.php?rest_route=\/wp\/v2\/posts\/681508"}],"collection":[{"href":"https:\/\/microscopemedia.com\/index.php?rest_route=\/wp\/v2\/posts"}],"about":[{"href":"https:\/\/microscopemedia.com\/index.php?rest_route=\/wp\/v2\/types\/post"}],"author":[{"embeddable":true,"href":"https:\/\/microscopemedia.com\/index.php?rest_route=\/wp\/v2\/users\/1"}],"replies":[{"embeddable":true,"href":"https:\/\/microscopemedia.com\/index.php?rest_route=%2Fwp%2Fv2%2Fcomments&post=681508"}],"version-history":[{"count":0,"href":"https:\/\/microscopemedia.com\/index.php?rest_route=\/wp\/v2\/posts\/681508\/revisions"}],"wp:featuredmedia":[{"embeddable":true,"href":"https:\/\/microscopemedia.com\/index.php?rest_route=\/wp\/v2\/media\/681509"}],"wp:attachment":[{"href":"https:\/\/microscopemedia.com\/index.php?rest_route=%2Fwp%2Fv2%2Fmedia&parent=681508"}],"wp:term":[{"taxonomy":"category","embeddable":true,"href":"https:\/\/microscopemedia.com\/index.php?rest_route=%2Fwp%2Fv2%2Fcategories&post=681508"},{"taxonomy":"post_tag","embeddable":true,"href":"https:\/\/microscopemedia.com\/index.php?rest_route=%2Fwp%2Fv2%2Ftags&post=681508"}],"curies":[{"name":"wp","href":"https:\/\/api.w.org\/{rel}","templated":true}]}}