{"id":681510,"date":"2026-03-12T19:16:04","date_gmt":"2026-03-12T19:16:04","guid":{"rendered":"https:\/\/microscopemedia.com\/?p=681510"},"modified":"2026-03-12T19:16:04","modified_gmt":"2026-03-12T19:16:04","slug":"ciprian-ciucu-s-a-intalnit-cu-robert-negoita-cei-doi-au-discutat-colaborarea-in-proiectele-de-infrastructura","status":"publish","type":"post","link":"https:\/\/microscopemedia.com\/?p=681510","title":{"rendered":"Ciprian Ciucu s-a \u00eent\u00e2lnit cu Robert Negoi\u021b\u0103. Cei doi au discutat colaborarea \u00een proiectele de infrastructur\u0103"},"content":{"rendered":"<div><img decoding=\"async\" src=\"https:\/\/microscopemedia.com\/wp-content\/uploads\/2026\/03\/ciprian-ciucu-s-a-intalnit-cu-robert-negoita-cei-doi-au-discutat-colaborarea-in-proiectele-de-infrastructura.jpg\" class=\"ff-og-image-inserted\"><\/div>\n<p id=\"p-0\"><span>\u201e\u00cen seria de \u00eent\u00e2lniri de lucru pe care le \u021bin \u00een aceast\u0103 perioad\u0103, ast\u0103zi m-am \u00eent\u00e2lnit cu Robert Negoi\u021b\u0103 primarul Sectorului 3. Ideea este s\u0103 ne compatibiliz\u0103m viziunile \u0219i s\u0103 stabilim ce facem mai departe, acolo unde suntem compatibil pentru ca lucrurile s\u0103 se mi\u0219te. Unde nu suntem compatibili, le punem deoparte \u0219i le discut\u0103m p\u00e2n\u0103 ne armoniz\u0103m\u201d, noteaz\u0103 Ciucu pe Facebook.&nbsp;<\/span><\/p>\n<h2 id=\"chapter-0\">Noduri rutiere \u0219i pasaje<\/h2>\n<p id=\"p-1\"><span>Printre proiectele analizate se num\u0103r\u0103 realizarea unui pasaj denivelat la intersec\u021bia bulevardelor Camil Ressu \u0219i Nicolae Grigorescu, care ar urma s\u0103 fie construit de Sectorul 3 dup\u0103 finalizarea PUZ-ului pentru inelul median din estul ora\u0219ului, ini\u021biat de Prim\u0103ria Capitalei.<\/span><\/p>\n<p id=\"p-2\"><span>Un alt proiect discutat este construirea unui pasaj subteran de-a lungul inelului principal, menit s\u0103 reduc\u0103 blocajele din intersec\u021biile \u0218oselei Mihai Bravu cu Calea Vitan, Calea Dude\u0219ti \u0219i strada Baba Novac. Primarii au decis s\u0103 \u00eenceap\u0103 studiil urbanistice pentru acest proiect, men\u021bion\u00e2nd c\u0103 va \u00eencepe dup\u0103 ce PMB termin\u0103 interven\u021biile la re\u021beaua de termoficare.&nbsp;<\/span><\/p>\n<p id=\"p-3\"><span>Ciucu mai anun\u021b\u0103 c\u0103 Prim\u0103ria Sectorul 3 ar urma s\u0103 l\u0103rgeasc\u0103 Calea Dude\u0219ti la dou\u0103 benzi pe sens, \u00eentre \u0218oseaua Mihai Bravu \u0219i bulevardul Burebista, iar PMB a \u00eenceput lucr\u0103rile la linia de tramvai din zon\u0103.<\/span><\/p>\n<h2 id=\"chapter-1\">Regenerare urban\u0103 \u0219i infrastructur\u0103 pietonal\u0103<\/h2>\n<p id=\"p-4\"><span>Cele dou\u0103 institu\u021bii se vor coordona pentru realizarea unui pasaj pietonal subteran \u00een zona Laminor, care s\u0103 fac\u0103 leg\u0103tura \u00eentre sta\u021bia de metrou, sta\u021bia de autobuz \u0219i Hala Laminor.&nbsp;<\/span><\/p>\n<p id=\"p-5\"><span>Cei doi au&nbsp; ai discutat \u0219i despre proiectul de regenerare \u0219i reconfigurare a Splaiului Independen\u021bei, care vizeaz\u0103 amenajarea unei zone de promenad\u0103 de-a lungul r\u00e2ului D\u00e2mbovi\u021ba.<\/span><\/p>\n<p id=\"p-6\"><span>\u201ePMB \u00ee\u0219i asum\u0103 proiectul de l\u0103rgire a inelului median \u00eentre \u0219oseaua Giurgiului \u0219i bulevardul Basarabia, astfel \u00eenc\u00e2t s\u0103 introducem \u0219i linie de tramvai. Sectorul 3 \u00ee\u0219i asum\u0103 realizarea unui pasaj pietonal subteran care s\u0103 lege sta\u021bia de metrou Titan cu zona de locuit de peste drum. A fost nevoie s\u0103 ne compatibiliz\u0103m viziune pentru PUZ de sistematizare a zonei neconstruite dintre bulevardul Pallady \u0219i strada Lunca Cet\u0103\u021bii, demarat de S3. Noi am cerut accent cu accent pe locuire de calitate, utilit\u0103\u021bi dimensionate corect \u0219i zone stabilite clar pentru \u0219coli \u0219i parcuri \u0219i alte func\u021biuni publice\u201d, sunt alte proiecte discutate de cei doi primari.&nbsp;<\/span><\/p>\n","protected":false},"excerpt":{"rendered":"<p>\u201e\u00cen seria de \u00eent\u00e2lniri de lucru pe care le \u021bin \u00een aceast\u0103 perioad\u0103, ast\u0103zi m-am \u00eent\u00e2lnit cu Robert Negoi\u021b\u0103 primarul Sectorului 3. Ideea este s\u0103 ne compatibiliz\u0103m viziunile \u0219i s\u0103 &hellip; <a href=\"https:\/\/microscopemedia.com\/?p=681510\" class=\"more-link\">Read More<\/a><\/p>\n","protected":false},"author":1,"featured_media":681511,"comment_status":"closed","ping_status":"closed","sticky":false,"template":"Default","format":"standard","meta":[],"categories":[1],"tags":[],"_links":{"self":[{"href":"https:\/\/microscopemedia.com\/index.php?rest_route=\/wp\/v2\/posts\/681510"}],"collection":[{"href":"https:\/\/microscopemedia.com\/index.php?rest_route=\/wp\/v2\/posts"}],"about":[{"href":"https:\/\/microscopemedia.com\/index.php?rest_route=\/wp\/v2\/types\/post"}],"author":[{"embeddable":true,"href":"https:\/\/microscopemedia.com\/index.php?rest_route=\/wp\/v2\/users\/1"}],"replies":[{"embeddable":true,"href":"https:\/\/microscopemedia.com\/index.php?rest_route=%2Fwp%2Fv2%2Fcomments&post=681510"}],"version-history":[{"count":0,"href":"https:\/\/microscopemedia.com\/index.php?rest_route=\/wp\/v2\/posts\/681510\/revisions"}],"wp:featuredmedia":[{"embeddable":true,"href":"https:\/\/microscopemedia.com\/index.php?rest_route=\/wp\/v2\/media\/681511"}],"wp:attachment":[{"href":"https:\/\/microscopemedia.com\/index.php?rest_route=%2Fwp%2Fv2%2Fmedia&parent=681510"}],"wp:term":[{"taxonomy":"category","embeddable":true,"href":"https:\/\/microscopemedia.com\/index.php?rest_route=%2Fwp%2Fv2%2Fcategories&post=681510"},{"taxonomy":"post_tag","embeddable":true,"href":"https:\/\/microscopemedia.com\/index.php?rest_route=%2Fwp%2Fv2%2Ftags&post=681510"}],"curies":[{"name":"wp","href":"https:\/\/api.w.org\/{rel}","templated":true}]}}