{"id":681512,"date":"2026-03-12T19:26:04","date_gmt":"2026-03-12T19:26:04","guid":{"rendered":"https:\/\/microscopemedia.com\/?p=681512"},"modified":"2026-03-12T19:26:04","modified_gmt":"2026-03-12T19:26:04","slug":"o-fetita-de-3-ani-si-un-barbat-au-murit-intr-un-grav-accident-produs-in-judetul-cluj","status":"publish","type":"post","link":"https:\/\/microscopemedia.com\/?p=681512","title":{"rendered":"O feti\u021b\u0103 de 3 ani \u0219i un b\u0103rbat au murit \u00eentr-un grav accident produs \u00een jude\u021bul Cluj"},"content":{"rendered":"<div><img decoding=\"async\" src=\"https:\/\/microscopemedia.com\/wp-content\/uploads\/2026\/03\/o-fetita-de-3-ani-si-un-barbat-au-murit-intr-un-grav-accident-produs-in-judetul-cluj.jpg\" class=\"ff-og-image-inserted\"><\/div>\n<p id=\"p-0\">Poli\u021bi\u0219tii au stabilit c\u0103 un autoturism condus de un t\u00e2n\u0103r de 20 de ani ar fi intrat \u00een coliziune fa\u021b\u0103-spate cu autovehiculul din fa\u021ba sa, condus de un b\u0103rbat de 34 ani.<\/p>\n<p id=\"p-1\">Cea de-a doua ma\u0219in\u0103 a fost proiectat\u0103 pe sensul opus de mers, intr\u00e2nd \u00eentr-un TIR condus de un b\u0103rbat de 55 de ani.<\/p>\n<p id=\"p-2\">\u00cen urma accidentului, b\u0103rbatul de 34 de ani \u0219i o feti\u021b\u0103 de 3 ani, aflat\u0103 \u00een ma\u0219in\u0103, au murit.<\/p>\n<p id=\"p-3\">\u201eO minor\u0103 de aproximativ 3 ani a fost preluat\u0103 imediat de c\u0103tre echipajul SAJ sosit la fa\u021ba locului, \u00een vreme ce pompierii au ac\u021bionat pentru descarcerarea unei singure persoane, mai exact un b\u0103rbat. Din p\u0103cate, ambele victime se afl\u0103 \u00een stop cardio-respirator, astfel c\u0103 sunt aplicate manevre de resuscitare\u201d, a transmis ISU Cluj, care ulterior a precizat c\u0103 feti\u021ba \u0219i b\u0103prbatul au fost declara\u021bi deceda\u021bi.<\/p>\n<p id=\"p-4\">\u00cen urma test\u0103rii cu aparatul etilotest a rezultat negativ la ambii conduc\u0103tori auto.<\/p>\n<p id=\"p-5\">Poli\u021bi\u0219tii continu\u0103 cercet\u0103rile pentru stabilirea cu exactitate a circumstan\u021belor \u00een care s-a produs evenimentul.<\/p>\n","protected":false},"excerpt":{"rendered":"<p>Poli\u021bi\u0219tii au stabilit c\u0103 un autoturism condus de un t\u00e2n\u0103r de 20 de ani ar fi intrat \u00een coliziune fa\u021b\u0103-spate cu autovehiculul din fa\u021ba sa, condus de un b\u0103rbat de &hellip; <a href=\"https:\/\/microscopemedia.com\/?p=681512\" class=\"more-link\">Read More<\/a><\/p>\n","protected":false},"author":1,"featured_media":681513,"comment_status":"closed","ping_status":"closed","sticky":false,"template":"Default","format":"standard","meta":[],"categories":[1],"tags":[],"_links":{"self":[{"href":"https:\/\/microscopemedia.com\/index.php?rest_route=\/wp\/v2\/posts\/681512"}],"collection":[{"href":"https:\/\/microscopemedia.com\/index.php?rest_route=\/wp\/v2\/posts"}],"about":[{"href":"https:\/\/microscopemedia.com\/index.php?rest_route=\/wp\/v2\/types\/post"}],"author":[{"embeddable":true,"href":"https:\/\/microscopemedia.com\/index.php?rest_route=\/wp\/v2\/users\/1"}],"replies":[{"embeddable":true,"href":"https:\/\/microscopemedia.com\/index.php?rest_route=%2Fwp%2Fv2%2Fcomments&post=681512"}],"version-history":[{"count":0,"href":"https:\/\/microscopemedia.com\/index.php?rest_route=\/wp\/v2\/posts\/681512\/revisions"}],"wp:featuredmedia":[{"embeddable":true,"href":"https:\/\/microscopemedia.com\/index.php?rest_route=\/wp\/v2\/media\/681513"}],"wp:attachment":[{"href":"https:\/\/microscopemedia.com\/index.php?rest_route=%2Fwp%2Fv2%2Fmedia&parent=681512"}],"wp:term":[{"taxonomy":"category","embeddable":true,"href":"https:\/\/microscopemedia.com\/index.php?rest_route=%2Fwp%2Fv2%2Fcategories&post=681512"},{"taxonomy":"post_tag","embeddable":true,"href":"https:\/\/microscopemedia.com\/index.php?rest_route=%2Fwp%2Fv2%2Ftags&post=681512"}],"curies":[{"name":"wp","href":"https:\/\/api.w.org\/{rel}","templated":true}]}}