{"id":681522,"date":"2026-03-12T20:16:04","date_gmt":"2026-03-12T20:16:04","guid":{"rendered":"https:\/\/microscopemedia.com\/?p=681522"},"modified":"2026-03-12T20:16:04","modified_gmt":"2026-03-12T20:16:04","slug":"ilie-bolojan-dupa-aprobarea-bugetului-reducem-deficitul-fara-sa-reducem-investitiile","status":"publish","type":"post","link":"https:\/\/microscopemedia.com\/?p=681522","title":{"rendered":"Ilie Bolojan, dup\u0103 aprobarea bugetului: Reducem deficitul f\u0103r\u0103 s\u0103 reducem investi\u021biile"},"content":{"rendered":"<div><img decoding=\"async\" src=\"https:\/\/microscopemedia.com\/wp-content\/uploads\/2026\/03\/ilie-bolojan-dupa-aprobarea-bugetului-reducem-deficitul-fara-sa-reducem-investitiile.jpg\" class=\"ff-og-image-inserted\"><\/div>\n<p id=\"p-0\"><span>\u201eBugetul de stat a fost adoptat \u00eentr-o perioad\u0103 complicat\u0103, av\u00e2nd \u00een vedere turbulen\u021bele pe care le vedem pe pie\u021bele externe, at\u00e2t din punct de vedere al dob\u00e2nzilor, care sunt foarte volatile, dar \u0219i din punct de vedere al cre\u0219terii pre\u021burilor la combustibil \u00een general. \u021ain\u00e2nd cont de aceste aspecte, am propus un buget echilibrat\u201d, a declarat joi premierul Bolojan.&nbsp;<\/span><\/p>\n<h2 id=\"chapter-0\">Reducerea deficitului \u0219i men\u021binerea investi\u021biilor<\/h2>\n<p id=\"p-1\"><span>Potrivit premierului, una dintre principalele provoc\u0103ri este reducerea deficitului bugetar, proces care presupune diminuarea cheltuielilor statului cu zeci de miliarde de lei.&nbsp;<\/span><\/p>\n<p id=\"p-2\"><span>\u201eReducerea deficitului este o provocare pentru c\u0103 \u00eenseamn\u0103 c\u0103 trebuie, practic, s\u0103 ne reducem cheltuielile cu zeci de miliarde, ceea ce nu este foarte u\u0219or, dar forma \u00een care este propus urm\u0103re\u0219te atingerea acestui obiectiv\u201d, spune Ilie Bolojan.&nbsp;<\/span><\/p>\n<p id=\"p-3\"><span>Prim Ministrul a precizat c\u0103 Guvernul urm\u0103re\u0219te \u0219i men\u021binerea nivelului investi\u021biilor la un nivel ridicat, \u00een ciuda eforturilor de reechilibrarea bugetar\u0103.&nbsp;<\/span><\/p>\n<p id=\"p-4\"><span>\u201ePentru c\u0103 acest an este un an de final de perioad\u0103 de absorb\u021bie, a\u0219a cum \u0219ti\u021bi, PNRR-ul se \u00eenchide pentru toate \u021b\u0103rile europene la sf\u00e2r\u0219itul lunii august, practic, anul acesta, bugetele de investi\u021bii vor fi mai mari dec\u00e2t anul trecut, at\u00e2t datorit\u0103 componentelor care \u021bin de PNRR, de peste 10 miliarde de euro la care se adaug\u0103 cofinan\u021b\u0103rile noastre, dar \u0219i datorit\u0103 celorlalte componente care \u021bin de SAFE\u201d, anun\u021b\u0103 \u0219eful Guvernului.&nbsp;<\/span><\/p>\n<h2 id=\"chapter-1\">Reducerea cheltuielilor \u0219i relansarea economic\u0103<\/h2>\n<p id=\"p-5\"><span>O alt\u0103 component\u0103 a bugetului vizeaz\u0103 reducerea cheltuielilor din administra\u021bia public\u0103, prin reforma administra\u021biei care prevedere reducerea cheltuielilor at\u00e2t din aparatul central, c\u00e2t \u0219i din cel local cu 10%.&nbsp;<\/span><\/p>\n<p id=\"p-6\"><span>\u201eS\u0103 ne reducem pe fond cheltuielile de func\u021bionare ale statului \u00een a\u0219a fel \u00eenc\u00e2t sumele care sunt eliberate prin aceste reduceri s\u0103 fie direc\u021bionate c\u0103tre serviciile de baz\u0103, educa\u021bie, s\u0103n\u0103tate, de exemplu, sau c\u0103tre zona de investi\u021bii s\u0103 ne permit\u0103 relansare \u00een anii urm\u0103toare\u201d, declar\u0103 Bolojan.&nbsp;<\/span><\/p>\n<p id=\"p-7\"><span>Privind pachetul de relansare economic\u0103, Ilie Bolojan anun\u021b\u0103: \u201eprin pachetul de relansare, care va intra treptat \u00een vigoare, prin pachetul de simplificare administrativ\u0103, putem s\u0103 cre\u0103m condi\u021bii pentru ca economia Rom\u00e2niei s\u0103 fie a\u0219ezat\u0103 pe ni\u0219te baze economice c\u00e2t mai corecte\u201d, ad\u0103ug\u00e2nd c\u0103 relansarea economic\u0103 este o prioritate a bugetului: \u201eO alt\u0103 component\u0103 important\u0103 este partea de relansare economic\u0103 \u0219i acest buget \u00een modul \u00een care este construit, av\u00e2nd ni\u0219te predic\u021bii care sunt moderate\u201d.&nbsp;<\/span><\/p>\n","protected":false},"excerpt":{"rendered":"<p>\u201eBugetul de stat a fost adoptat \u00eentr-o perioad\u0103 complicat\u0103, av\u00e2nd \u00een vedere turbulen\u021bele pe care le vedem pe pie\u021bele externe, at\u00e2t din punct de vedere al dob\u00e2nzilor, care sunt foarte &hellip; <a href=\"https:\/\/microscopemedia.com\/?p=681522\" class=\"more-link\">Read More<\/a><\/p>\n","protected":false},"author":1,"featured_media":681523,"comment_status":"closed","ping_status":"closed","sticky":false,"template":"Default","format":"standard","meta":[],"categories":[1],"tags":[],"_links":{"self":[{"href":"https:\/\/microscopemedia.com\/index.php?rest_route=\/wp\/v2\/posts\/681522"}],"collection":[{"href":"https:\/\/microscopemedia.com\/index.php?rest_route=\/wp\/v2\/posts"}],"about":[{"href":"https:\/\/microscopemedia.com\/index.php?rest_route=\/wp\/v2\/types\/post"}],"author":[{"embeddable":true,"href":"https:\/\/microscopemedia.com\/index.php?rest_route=\/wp\/v2\/users\/1"}],"replies":[{"embeddable":true,"href":"https:\/\/microscopemedia.com\/index.php?rest_route=%2Fwp%2Fv2%2Fcomments&post=681522"}],"version-history":[{"count":0,"href":"https:\/\/microscopemedia.com\/index.php?rest_route=\/wp\/v2\/posts\/681522\/revisions"}],"wp:featuredmedia":[{"embeddable":true,"href":"https:\/\/microscopemedia.com\/index.php?rest_route=\/wp\/v2\/media\/681523"}],"wp:attachment":[{"href":"https:\/\/microscopemedia.com\/index.php?rest_route=%2Fwp%2Fv2%2Fmedia&parent=681522"}],"wp:term":[{"taxonomy":"category","embeddable":true,"href":"https:\/\/microscopemedia.com\/index.php?rest_route=%2Fwp%2Fv2%2Fcategories&post=681522"},{"taxonomy":"post_tag","embeddable":true,"href":"https:\/\/microscopemedia.com\/index.php?rest_route=%2Fwp%2Fv2%2Ftags&post=681522"}],"curies":[{"name":"wp","href":"https:\/\/api.w.org\/{rel}","templated":true}]}}