{"id":681528,"date":"2026-03-12T20:46:03","date_gmt":"2026-03-12T20:46:03","guid":{"rendered":"https:\/\/microscopemedia.com\/?p=681528"},"modified":"2026-03-12T20:46:03","modified_gmt":"2026-03-12T20:46:03","slug":"bolojan-avertizeaza-ca-amendamentele-la-buget-nu-trebuie-sa-repete-greseala-pe-care-am-facut-o-anii-trecuti-unele-programe-sociale-ar-putea-fi-finantate-din-fonduri-europene","status":"publish","type":"post","link":"https:\/\/microscopemedia.com\/?p=681528","title":{"rendered":"Bolojan avertizeaz\u0103 c\u0103 amendamentele la buget nu trebuie s\u0103 repete \u201egre\u0219eala pe care am f\u0103cut-o anii trecu\u021bi\u201d. Unele programe sociale ar putea fi finan\u021bate din fonduri europene"},"content":{"rendered":"<div><img decoding=\"async\" src=\"https:\/\/microscopemedia.com\/wp-content\/uploads\/2026\/03\/bolojan-avertizeaza-ca-amendamentele-la-buget-nu-trebuie-sa-repete-greseala-pe-care-am-facut-o-anii-trecuti-unele-programe-sociale-ar-putea-fi-finantate-din-fonduri-europene.jpg\" class=\"ff-og-image-inserted\"><\/div>\n<p id=\"p-0\">\u00centrebat dac\u0103 Guvernul va g\u0103si resurse suplimentare \u00een cazul \u00een care Parlamentul va modifica proiectul de buget pentru a include cele 3,4 miliarde de lei despre care <a href=\"https:\/\/www.mediafax.ro\/politic\/noi-contre-in-coalitie-psd-va-aviza-proiectul-de-buget-pentru-a-rezolva-in-parlament-ceea-ce-a-fost-blocat-de-premier-23701616\">PSD<\/a> a anun\u021bat c\u0103 vrea s\u0103 le introduc\u0103 prin amendamente, fa\u021b\u0103 de 1,7 miliarde prev\u0103zute \u00een proiect,&nbsp; premierul a spus c\u0103 amendamentele sunt normale \u00een dezbaterea parlamentar\u0103, dar trebuie s\u0103 r\u0103m\u00e2n\u0103 \u00eentr-o limit\u0103 rezonabil\u0103.<\/p>\n<p id=\"p-1\">\u201e\u00cen mod normal, \u00een timpul dezbaterilor parlamentare apar propuneri de amendamente la buget. \u0218i cu siguran\u021b\u0103, a\u0219a cum s-a \u00eent\u00e2mplat \u00een fiecare an, grupurile parlamentare vor veni cu propuneri de modificare. Aceste propuneri, dac\u0103 sunt \u00eentr-o anvelop\u0103 rezonabil\u0103, nu creeaz\u0103 probleme majore la buget\u201d, a declarat Ilie Bolojan.<\/p>\n<p id=\"p-2\"><a href=\"https:\/\/www.mediafax.ro\/stirile-zilei\/ilie-bolojan-dupa-aprobarea-bugetului-reducem-deficitul-fara-sa-reducem-investitiile-23702086\">Bolojan<\/a> a avertizat \u00eens\u0103 c\u0103 propunerile care ar genera dezechilibre ar repeta problemele din anii trecu\u021bi.<\/p>\n<p id=\"p-3\">\u201e\u00cen condi\u021biile \u00een care, prin astfel de propuneri, se creeaz\u0103 dezechilibre majore, nu facem dec\u00e2t s\u0103 repet\u0103m gre\u0219eala pe care am f\u0103cut-o anii trecu\u021bi. \u0218i a\u0219a cum a precizat domnul ministru Nazare, s\u0103 construim \u00een loc de bugete realiste, bugete care nu se bazeaz\u0103 pe estim\u0103ri corecte, \u00een care veniturile, a\u0219a cum \u0219tim, au fost supradimensionate \u0219i cheltuielile au fost calculate la un nivel care nu acopereau toate cele 12 luni ale anului. <span class=\"cursor-pointer group\" title=\"Reda\u021bi \u00eencep\u00e2nd de la 18:24\"><span class=\"group-hover:bg-base-200 rounded p-0.5 -m-0.5\" data-start=\"1103740\" data-end=\"1105960\">\u0218i sper\u0103m c\u0103 nu vom fi \u00een aceast\u0103 situa\u021bie.<\/span><\/span>&nbsp;<span class=\"cursor-pointer group\" title=\"Reda\u021bi \u00eencep\u00e2nd de la 18:26\"><span class=\"group-hover:bg-base-200 rounded p-0.5 -m-0.5\" data-start=\"1106100\" data-end=\"1110660\">Deci fiecare parlamentar, fiecare partid, poate s\u0103 fac\u0103 propunerele pe care le crede de cuviin\u021b\u0103<\/span><\/span>\u201d, a ad\u0103ugat premierul.<\/p>\n<h2 id=\"chapter-0\">Unele programe sociale ar putea fi finan\u021bate din fonduri europene<\/h2>\n<p id=\"p-4\">Premierul a spus c\u0103 sprijinul pentru persoanele v\u00e2rstnice este deja inclus \u00een bugetul de stat, iar alte programe sociale ar putea fi finan\u021bate din fonduri europene.<\/p>\n<p id=\"p-5\">\u201e\u00cen ceea ce prive\u0219te aceast\u0103 chestiune propriu-zis\u0103, a\u0219a cum \u0219ti\u021bi, prin proiectul de buget, sumele care sunt dedicate pentru sprijinul v\u00e2rstnicilor no\u0219tri, care nu puteau fi asigurate din fonduri europene, a\u0219a cum s-a \u00eent\u00e2mplat \u00een cursul anului trecut, de exemplu, au fost prinse \u00een bugetul de stat. Pentru alte propuneri care \u021bin de alte forme de sprijin cu caracter social, exist\u0103 o disponibilitate din fondul social european, \u00een a\u0219a fel \u00eenc\u00e2t pentru persoane care au nevoie de sprijin pot fi dezvoltate, avem un acord de principiu din punctul \u0103sta de vedere, la care, dac\u0103 cele dou\u0103 ministere care au responsabilitate \u00een acest domeniu, Ministerul Muncii \u0219i Ministerul Proiectelor Europene, lucreaz\u0103, pot fi g\u0103site solu\u021bii pentru ca aceste servicii sociale s\u0103 fie asigurate din fonduri europene. \u0218i acolo unde am constatat c\u0103 nu se poate asigura din fonduri europene, am alocat direct din buget\u201d, a precizat \u0219eful Executivului.<\/p>\n<h2 id=\"chapter-1\">Premierul avertizeaz\u0103 asupra importan\u021bei stabilit\u0103\u021bii politice<\/h2>\n<p id=\"p-6\">\u00centrebat \u0219i despre scenariul discutat \u00een PSD potrivit c\u0103ruia partidul ar putea decide dup\u0103 adoptarea bugetului dac\u0103 mai sus\u021bine sau nu actualul guvern, Bolojan a spus c\u0103 prioritatea este adoptarea bugetului.<\/p>\n<p id=\"p-7\">\u201eCea mai important\u0103 miz\u0103 pentru noi este s\u0103 avem acest buget adoptat, un buget responsabil, un buget f\u0103cut \u00een mod corect pentru Rom\u00e2nia, pentru c\u0103 este baza func\u021bion\u0103rii \u021b\u0103rii noastre \u0219i este un semnal pentru pie\u021be, pentru companii care va avea efecte economice importante\u201d, a mai spus Bolojan.<\/p>\n<p id=\"p-8\">Premierul a subliniat c\u0103 stabilitatea politic\u0103 are impact direct asupra economiei.<\/p>\n<p id=\"p-9\">\u201e\u00cen condi\u021biile \u00een care un partid din coali\u021bie nu este mul\u021bumit de modul \u00een care func\u021bioneaz\u0103 coali\u021bia sau Guvernul, are posibilitatea parlamentar\u0103 s\u0103 ini\u021bieze mo\u021biuni de cenzur\u0103, s\u0103 fac\u0103 ceea ce consider\u0103 de cuviin\u021b\u0103, s\u0103 fac\u0103 propuneri \u0219i, sigur, dac\u0103 vor ap\u0103rea astfel de situa\u021bii, sigur c\u0103 putem discuta pe tema asta. \u00cen orice caz, indiferent cine este premier \u0219i cine este \u00een guvernare, trebuie s\u0103 fim con\u0219tien\u021bi c\u0103 stabilitatea politic\u0103, mai ales \u00een astfel de vremuri, este un element important pentru c\u0103 ea concur\u0103 la nivelul dob\u00e2nzilor pe care le pl\u0103te\u0219te Rom\u00e2nia, la nivelul \u00eemprumuturilor pe care le face \u0219i, deci, are \u0219i efecte economice, nu doar strategii politice\u201d, a declarat premierul.<\/p>\n","protected":false},"excerpt":{"rendered":"<p>\u00centrebat dac\u0103 Guvernul va g\u0103si resurse suplimentare \u00een cazul \u00een care Parlamentul va modifica proiectul de buget pentru a include cele 3,4 miliarde de lei despre care PSD a anun\u021bat &hellip; <a href=\"https:\/\/microscopemedia.com\/?p=681528\" class=\"more-link\">Read More<\/a><\/p>\n","protected":false},"author":1,"featured_media":681529,"comment_status":"closed","ping_status":"closed","sticky":false,"template":"Default","format":"standard","meta":[],"categories":[1],"tags":[],"_links":{"self":[{"href":"https:\/\/microscopemedia.com\/index.php?rest_route=\/wp\/v2\/posts\/681528"}],"collection":[{"href":"https:\/\/microscopemedia.com\/index.php?rest_route=\/wp\/v2\/posts"}],"about":[{"href":"https:\/\/microscopemedia.com\/index.php?rest_route=\/wp\/v2\/types\/post"}],"author":[{"embeddable":true,"href":"https:\/\/microscopemedia.com\/index.php?rest_route=\/wp\/v2\/users\/1"}],"replies":[{"embeddable":true,"href":"https:\/\/microscopemedia.com\/index.php?rest_route=%2Fwp%2Fv2%2Fcomments&post=681528"}],"version-history":[{"count":0,"href":"https:\/\/microscopemedia.com\/index.php?rest_route=\/wp\/v2\/posts\/681528\/revisions"}],"wp:featuredmedia":[{"embeddable":true,"href":"https:\/\/microscopemedia.com\/index.php?rest_route=\/wp\/v2\/media\/681529"}],"wp:attachment":[{"href":"https:\/\/microscopemedia.com\/index.php?rest_route=%2Fwp%2Fv2%2Fmedia&parent=681528"}],"wp:term":[{"taxonomy":"category","embeddable":true,"href":"https:\/\/microscopemedia.com\/index.php?rest_route=%2Fwp%2Fv2%2Fcategories&post=681528"},{"taxonomy":"post_tag","embeddable":true,"href":"https:\/\/microscopemedia.com\/index.php?rest_route=%2Fwp%2Fv2%2Ftags&post=681528"}],"curies":[{"name":"wp","href":"https:\/\/api.w.org\/{rel}","templated":true}]}}