{"id":681534,"date":"2026-03-12T21:26:04","date_gmt":"2026-03-12T21:26:04","guid":{"rendered":"https:\/\/microscopemedia.com\/?p=681534"},"modified":"2026-03-12T21:26:04","modified_gmt":"2026-03-12T21:26:04","slug":"zelenski-a-vizitat-baza-aeriana-de-la-fetesti-unde-se-antreneaza-ucraineni-pentru-a-deveni-piloti-de-avioane-f-16","status":"publish","type":"post","link":"https:\/\/microscopemedia.com\/?p=681534","title":{"rendered":"Zelenski a vizitat Baza Aerian\u0103 de la Fete\u0219ti, unde se antreneaz\u0103 ucraineni pentru a deveni pilo\u021bi de avioane F-16"},"content":{"rendered":"<div><img decoding=\"async\" src=\"https:\/\/microscopemedia.com\/wp-content\/uploads\/2026\/03\/zelenski-a-vizitat-baza-aeriana-de-la-fetesti-unde-se-antreneaza-ucraineni-pentru-a-deveni-piloti-de-avioane-f-16.jpg\" class=\"ff-og-image-inserted\"><\/div>\n<p id=\"p-0\">\u201eDincolo de discu\u021biile aplicate pe care le-am avut ast\u0103zi cu pre\u0219edintele Volodimir Zelenski despre parteneriatul nostru, despre o fabric\u0103 nou\u0103 de drone \u00een Rom\u00e2nia, m-am tot g\u00e2ndit la acel <ceva> care face un popor s\u0103 r\u0103m\u00e2n\u0103 unit \u00een fa\u021ba pericolului. Bani, tehnic\u0103 militar\u0103, tehnologie \u2013 toate au o valoare limitat\u0103 dac\u0103 \u00een spate nu sunt oameni care cred \u00eentr-un scop comun\u201d, a scris pe Facebook, joi seara, Radu Miru\u021b\u0103.<\/ceva><\/p>\n<p id=\"p-1\">El spune c\u0103 a mers \u00eempreun\u0103 cu pre\u0219edintele Zelenski la Baza 86 Aerian\u0103 de la Fete\u0219ti, acolo unde tineri rom\u00e2ni \u0219i ucrainieni se antreneaz\u0103 pentru a deveni pilo\u021bi de avioane F-16.<\/p>\n<p id=\"p-2\">\u201eI-am v\u0103zut pe viitori pilo\u021bi ucrainieni emo\u021biona\u021bi \u00een discu\u021bia cu pre\u0219edintele lor. Era o emo\u021bie sincer\u0103, dar \u0219i o con\u0219tientizare profund\u0103 a responsabilit\u0103\u021bii pe care o poart\u0103\u201d, sus\u021bine ministrul Ap\u0103r\u0103rii.<\/p>\n<p id=\"p-3\">Acesta sus\u021bine c\u0103 a discutat cu pre\u0219edintele Ucrainei despre continuarea programelor de preg\u0103tire pentru pilo\u021bii ucraineni \u0219i despre consolidarea capacit\u0103\u021bilor de ap\u0103rare pe flancul estic al NATO.<\/p>\n<p id=\"p-4\">Radu Miru\u021b\u0103 arat\u0103 c\u0103 pre\u0219edintele Zelenski a mul\u021bumit \u00een repetate r\u00e2nduri pentru sprijinul oferit de Rom\u00e2nia: \u201eLa r\u00e2ndul meu, i-am mul\u021bumit pentru rezisten\u021ba poporului ucrainean, care \u021bine agresiunea Rusiei lui Putin departe de grani\u021bele noastre. Noi dormim lini\u0219ti\u021bi in paturile noastre pentru c\u01ce de patru ani ucrainienii \u021bin piept agresorului Putin\u201d.<\/p>\n","protected":false},"excerpt":{"rendered":"<p>\u201eDincolo de discu\u021biile aplicate pe care le-am avut ast\u0103zi cu pre\u0219edintele Volodimir Zelenski despre parteneriatul nostru, despre o fabric\u0103 nou\u0103 de drone \u00een Rom\u00e2nia, m-am tot g\u00e2ndit la acel care &hellip; <a href=\"https:\/\/microscopemedia.com\/?p=681534\" class=\"more-link\">Read More<\/a><\/p>\n","protected":false},"author":1,"featured_media":681535,"comment_status":"closed","ping_status":"closed","sticky":false,"template":"Default","format":"standard","meta":[],"categories":[1],"tags":[],"_links":{"self":[{"href":"https:\/\/microscopemedia.com\/index.php?rest_route=\/wp\/v2\/posts\/681534"}],"collection":[{"href":"https:\/\/microscopemedia.com\/index.php?rest_route=\/wp\/v2\/posts"}],"about":[{"href":"https:\/\/microscopemedia.com\/index.php?rest_route=\/wp\/v2\/types\/post"}],"author":[{"embeddable":true,"href":"https:\/\/microscopemedia.com\/index.php?rest_route=\/wp\/v2\/users\/1"}],"replies":[{"embeddable":true,"href":"https:\/\/microscopemedia.com\/index.php?rest_route=%2Fwp%2Fv2%2Fcomments&post=681534"}],"version-history":[{"count":0,"href":"https:\/\/microscopemedia.com\/index.php?rest_route=\/wp\/v2\/posts\/681534\/revisions"}],"wp:featuredmedia":[{"embeddable":true,"href":"https:\/\/microscopemedia.com\/index.php?rest_route=\/wp\/v2\/media\/681535"}],"wp:attachment":[{"href":"https:\/\/microscopemedia.com\/index.php?rest_route=%2Fwp%2Fv2%2Fmedia&parent=681534"}],"wp:term":[{"taxonomy":"category","embeddable":true,"href":"https:\/\/microscopemedia.com\/index.php?rest_route=%2Fwp%2Fv2%2Fcategories&post=681534"},{"taxonomy":"post_tag","embeddable":true,"href":"https:\/\/microscopemedia.com\/index.php?rest_route=%2Fwp%2Fv2%2Ftags&post=681534"}],"curies":[{"name":"wp","href":"https:\/\/api.w.org\/{rel}","templated":true}]}}