{"id":681540,"date":"2026-03-12T22:26:04","date_gmt":"2026-03-12T22:26:04","guid":{"rendered":"https:\/\/microscopemedia.com\/?p=681540"},"modified":"2026-03-12T22:26:04","modified_gmt":"2026-03-12T22:26:04","slug":"trump-afirma-ca-razboiul-cu-iranul-avanseaza-foarte-rapid","status":"publish","type":"post","link":"https:\/\/microscopemedia.com\/?p=681540","title":{"rendered":"Trump afirm\u0103 c\u0103 r\u0103zboiul cu Iranul avanseaz\u0103 foarte rapid"},"content":{"rendered":"<div><img decoding=\"async\" src=\"https:\/\/microscopemedia.com\/wp-content\/uploads\/2026\/03\/trump-afirma-ca-razboiul-cu-iranul-avanseaza-foarte-rapid.jpg\" class=\"ff-og-image-inserted\"><\/div>\n<p id=\"p-0\">Pre\u0219edintele SUA a precizat c\u0103 situa\u021bia din Orientul Mijlociu \u201eevolueaz\u0103 foarte rapid\u201d \u0219i \u201emerge foarte bine\u201d.<\/p>\n<p id=\"p-1\">El \u0219i-a continuat declara\u021biile numind Iranul drept: \u201eo na\u021biune a terorii \u0219i a urii\u201d \u0219i a sugerat c\u0103 \u021bara \u201epl\u0103te\u0219te un pre\u021b mare \u00een acest moment\u201d.<\/p>\n<p id=\"p-2\">Trump a declarat, \u00een repetate r\u00e2nduri, c\u0103 r\u0103zboiul SUA \u0219i al Israelului \u00eempotriva Iranului este o opera\u021biune pe termen scurt, \u00eens\u0103 nu a oferit o dat\u0103 precis\u0103 pentru \u00eencheierea opera\u021biunilor.<\/p>\n<p id=\"p-3\">\u00cen acela\u0219i timp, For\u021bele Armate Israeliene au lansat un nou val de atacuri la Teheran. Potrivit unui comunicat al armatei israeliene, publicat, joi noapte, pe social media, a fost declan\u0219at \u201eun nou val de atacuri la scar\u0103 larg\u0103\u201d. Atacurile vizeaz\u0103 infrastructura regimului iranian din Teheran, noteaz\u0103 BBC.<\/p>\n<p id=\"p-4\">O rachet\u0103 balistic\u0103 lansat\u0103 din Iran a lovit o zon\u0103 deschis\u0103 din centrul Israelului, f\u0103r\u0103 a provoca r\u0103ni\u021bi, potrivit informa\u021biilor publicate, joi, de Comandamentul Frontului Intern al For\u021belor Armate Israeliene citat de publica\u021bia israelian\u0103 Haaretz.<\/p>\n","protected":false},"excerpt":{"rendered":"<p>Pre\u0219edintele SUA a precizat c\u0103 situa\u021bia din Orientul Mijlociu \u201eevolueaz\u0103 foarte rapid\u201d \u0219i \u201emerge foarte bine\u201d. El \u0219i-a continuat declara\u021biile numind Iranul drept: \u201eo na\u021biune a terorii \u0219i a urii\u201d &hellip; <a href=\"https:\/\/microscopemedia.com\/?p=681540\" class=\"more-link\">Read More<\/a><\/p>\n","protected":false},"author":1,"featured_media":681541,"comment_status":"closed","ping_status":"closed","sticky":false,"template":"Default","format":"standard","meta":[],"categories":[1],"tags":[],"_links":{"self":[{"href":"https:\/\/microscopemedia.com\/index.php?rest_route=\/wp\/v2\/posts\/681540"}],"collection":[{"href":"https:\/\/microscopemedia.com\/index.php?rest_route=\/wp\/v2\/posts"}],"about":[{"href":"https:\/\/microscopemedia.com\/index.php?rest_route=\/wp\/v2\/types\/post"}],"author":[{"embeddable":true,"href":"https:\/\/microscopemedia.com\/index.php?rest_route=\/wp\/v2\/users\/1"}],"replies":[{"embeddable":true,"href":"https:\/\/microscopemedia.com\/index.php?rest_route=%2Fwp%2Fv2%2Fcomments&post=681540"}],"version-history":[{"count":0,"href":"https:\/\/microscopemedia.com\/index.php?rest_route=\/wp\/v2\/posts\/681540\/revisions"}],"wp:featuredmedia":[{"embeddable":true,"href":"https:\/\/microscopemedia.com\/index.php?rest_route=\/wp\/v2\/media\/681541"}],"wp:attachment":[{"href":"https:\/\/microscopemedia.com\/index.php?rest_route=%2Fwp%2Fv2%2Fmedia&parent=681540"}],"wp:term":[{"taxonomy":"category","embeddable":true,"href":"https:\/\/microscopemedia.com\/index.php?rest_route=%2Fwp%2Fv2%2Fcategories&post=681540"},{"taxonomy":"post_tag","embeddable":true,"href":"https:\/\/microscopemedia.com\/index.php?rest_route=%2Fwp%2Fv2%2Ftags&post=681540"}],"curies":[{"name":"wp","href":"https:\/\/api.w.org\/{rel}","templated":true}]}}