{"id":681546,"date":"2026-03-13T00:16:03","date_gmt":"2026-03-13T00:16:03","guid":{"rendered":"https:\/\/microscopemedia.com\/?p=681546"},"modified":"2026-03-13T00:16:03","modified_gmt":"2026-03-13T00:16:03","slug":"zelenski-despre-vizita-la-baza-86-aeriana-de-la-fetesti-la-centru-baietii-nostri-trec-prin-diferite-etape-de-instruire","status":"publish","type":"post","link":"https:\/\/microscopemedia.com\/?p=681546","title":{"rendered":"Zelenski, despre vizita la Baza 86 Aerian\u0103 de la Fete\u0219ti: La centru, b\u0103ie\u021bii no\u0219tri trec prin diferite etape de instruire"},"content":{"rendered":"<div><img decoding=\"async\" src=\"https:\/\/microscopemedia.com\/wp-content\/uploads\/2026\/03\/zelenski-despre-vizita-la-baza-86-aeriana-de-la-fetesti-la-centru-baietii-nostri-trec-prin-diferite-etape-de-instruire.png\" class=\"ff-og-image-inserted\"><\/div>\n<p id=\"p-0\">Reamintim c\u0103, Zelenski, al\u0103turi de ministrul Ap\u0103r\u0103rii, Radu Miru\u021b\u0103, au vizitat <a href=\"https:\/\/www.mediafax.ro\/politic\/zelenski-a-vizitat-baza-aeriana-de-la-fetesti-unde-se-antreneaza-ucraineni-pentru-a-deveni-piloti-de-avioane-f-16-23702096\" target=\"_blank\" rel=\"noopener\">&nbsp;Baza 86 Aerian\u0103 de la Fete\u0219ti,<\/a> unde tineri rom\u00e2ni, dar \u0219i ucraineni se antreneaz\u0103 pentru a deveni pilo\u021bi de avioane F-16.<\/p>\n<p id=\"p-1\">\u201eM-am \u00eent\u00e2lnit cu membri ai armatei ucrainene care se antreneaz\u0103 la Centrul European de Instruire F-16 din Rom\u00e2nia. Am discutat cu cade\u021bii despre detaliile \u0219i condi\u021biile programului lor de instruire. Am discutat, de asemenea, despre provoc\u0103rile cu care se confrunt\u0103 pilo\u021bii no\u0219tri \u0219i despre modul \u00een care statul poate contribui la rezolvarea acestora\u201d, a scris Zelenski, joi noapte, pe X.<\/p>\n<p id=\"p-2\">Acesta a oferit c\u00e2teva detalii privind etapele de instruire pe care le parcurg tinerii care se antreneaz\u0103 s\u0103 devin\u0103 pilo\u021bi.<\/p>\n<p id=\"p-3\"><em>\u201eLa centru, b\u0103ie\u021bii no\u0219tri trec prin diferite etape de instruire, inclusiv teorie \u0219i misiuni reale. Primii pilo\u021bi ucraineni \u0219i-au \u00eenceput programul acolo \u00een 2024, iar unii dintre ei efectueaz\u0103 deja misiuni de lupt\u0103 pentru a respinge agresiunea rus\u0103\u201d<\/em>, se arat\u0103 \u00een mesajul oficial publicat de Zelenski.<\/p>\n<p id=\"p-4\">Pre\u0219edintele Ucrainei a mul\u021bumit, \u00eenc\u0103 odat\u0103 public, Rom\u00e2niei, instructorilor de la Baza 86 Aerian\u0103 Fete\u0219ti, dar \u0219i celorlalte na\u021biuni care au oferit sprijin Ucrainei \u00een invazia la scar\u0103 larg\u0103 pornit\u0103 de Rusia.<\/p>\n<p id=\"p-5\"><em>\u201eMul\u021bumesc Rom\u00e2niei, instructorilor de la centru \u0219i tuturor celor care ne ajut\u0103 s\u0103 ne ap\u0103r\u0103m \u0219i s\u0103 combatem teroarea rus\u0103. Vom fi \u00eentotdeauna recunosc\u0103tori Statelor Unite pentru oportunitatea de a consolida protec\u021bia spa\u021biului nostru aerian cu avioane de v\u00e2n\u0103toare americane, precum \u0219i Danemarcei, Olandei \u0219i Norvegiei, care au transferat deja avioane \u00een Ucraina\u201d, <\/em>a scris Zelenski.<\/p>\n<p id=\"p-6\">\u00cen cadrul vizitei oficiale \u00een Rom\u00e2nia, Zelenski s-a \u00eent\u00e2lnit cu pre\u0219edintele <a href=\"https:\/\/www.mediafax.ro\/stirile-zilei\/zelenski-si-nicusor-dan-intrebati-daca-iranul-este-o-amenintare-pentru-romania-iranul-este-un-aliat-al-rusiei-o-prezenta-suplimentara-americana-in-romania-inseamna-un-pl-23701907\" target=\"_blank\" rel=\"noopener\">Nicu\u0219or Dan.<\/a> Cei doi lideri au semnat un acord de parteneriat strategic, dar \u0219i mai multe documente care atest\u0103 cooperarea \u00een domeniile ap\u0103r\u0103rii \u0219i energiei.<\/p>\n<p id=\"p-7\">De asemenea, pre\u0219edintele Ucrainei s-a \u00eent\u00e2lnit \u0219i cu premierul <a href=\"https:\/\/www.mediafax.ro\/politic\/intalnire-bolojan-zelenski-guvernul-romaniei-dispus-sa-renoveze-scolile-in-care-invata-copiii-etnicilor-romani-23702038\" target=\"_blank\" rel=\"noopener\">Ilie Bolojan.<\/a>Cei doi oficiali au purtat discu\u021bii despre proiecte comune, precum construirea de drone \u00een Rom\u00e2nia folosind expertiza ucrainean\u0103, dar \u0219i importan\u021ba respect\u0103rii drepturilor minorit\u0103\u021bilor rom\u00e2ne din Ucraina.<\/p>\n<p id=\"p-8\">&nbsp;<\/p>\n","protected":false},"excerpt":{"rendered":"<p>Reamintim c\u0103, Zelenski, al\u0103turi de ministrul Ap\u0103r\u0103rii, Radu Miru\u021b\u0103, au vizitat &nbsp;Baza 86 Aerian\u0103 de la Fete\u0219ti, unde tineri rom\u00e2ni, dar \u0219i ucraineni se antreneaz\u0103 pentru a deveni pilo\u021bi de &hellip; <a href=\"https:\/\/microscopemedia.com\/?p=681546\" class=\"more-link\">Read More<\/a><\/p>\n","protected":false},"author":1,"featured_media":681547,"comment_status":"closed","ping_status":"closed","sticky":false,"template":"Default","format":"standard","meta":[],"categories":[1],"tags":[],"_links":{"self":[{"href":"https:\/\/microscopemedia.com\/index.php?rest_route=\/wp\/v2\/posts\/681546"}],"collection":[{"href":"https:\/\/microscopemedia.com\/index.php?rest_route=\/wp\/v2\/posts"}],"about":[{"href":"https:\/\/microscopemedia.com\/index.php?rest_route=\/wp\/v2\/types\/post"}],"author":[{"embeddable":true,"href":"https:\/\/microscopemedia.com\/index.php?rest_route=\/wp\/v2\/users\/1"}],"replies":[{"embeddable":true,"href":"https:\/\/microscopemedia.com\/index.php?rest_route=%2Fwp%2Fv2%2Fcomments&post=681546"}],"version-history":[{"count":0,"href":"https:\/\/microscopemedia.com\/index.php?rest_route=\/wp\/v2\/posts\/681546\/revisions"}],"wp:featuredmedia":[{"embeddable":true,"href":"https:\/\/microscopemedia.com\/index.php?rest_route=\/wp\/v2\/media\/681547"}],"wp:attachment":[{"href":"https:\/\/microscopemedia.com\/index.php?rest_route=%2Fwp%2Fv2%2Fmedia&parent=681546"}],"wp:term":[{"taxonomy":"category","embeddable":true,"href":"https:\/\/microscopemedia.com\/index.php?rest_route=%2Fwp%2Fv2%2Fcategories&post=681546"},{"taxonomy":"post_tag","embeddable":true,"href":"https:\/\/microscopemedia.com\/index.php?rest_route=%2Fwp%2Fv2%2Ftags&post=681546"}],"curies":[{"name":"wp","href":"https:\/\/api.w.org\/{rel}","templated":true}]}}