{"id":681548,"date":"2026-03-13T00:46:04","date_gmt":"2026-03-13T00:46:04","guid":{"rendered":"https:\/\/microscopemedia.com\/?p=681548"},"modified":"2026-03-13T00:46:04","modified_gmt":"2026-03-13T00:46:04","slug":"senatorul-titus-corlatean-candideaza-pentru-functia-de-secretar-general-adjunct-al-consiliului-europei","status":"publish","type":"post","link":"https:\/\/microscopemedia.com\/?p=681548","title":{"rendered":"Senatorul Titus Corl\u0103\u021bean candideaz\u0103 pentru func\u021bia de Secretar general adjunct al Consiliului Europei"},"content":{"rendered":"<div><img decoding=\"async\" src=\"https:\/\/microscopemedia.com\/wp-content\/uploads\/2026\/03\/senatorul-titus-corlatean-candideaza-pentru-functia-de-secretar-general-adjunct-al-consiliului-europei.jpg\" class=\"ff-og-image-inserted\"><\/div>\n<p id=\"p-0\"><span><em>\u201eMi-am depus candidatura la pozi\u021bia de Secretar general adjunct al Consiliului Europei. Am primit si sprijinul autorit\u0103\u021bilor rom\u00e2ne. M\u0103rturisesc c\u0103, av\u00e2nd \u00een vedere diferen\u021bele politico-ideologice, nu prea m\u0103 a\u0219teptam, a fost o surpriz\u0103 pl\u0103cut\u0103. Le mul\u021bumesc\u201d<\/em>, a scris Corl\u0103\u021bean, vineri, \u00eentr-un mesaj publicat pe pagina sa de Facebook.&nbsp;<\/span><\/p>\n<p id=\"p-1\">Acesta a precizat c\u0103 demersul candidaturii sale nu este unul simplu.<em> \u201eVorbim despre o competi\u021bie (\u2026). \u0218i nu e o competi\u021bie deloc simpl\u0103\u201d, <\/em>a scris el.<\/p>\n<p id=\"p-2\">Social-democratul a pus, \u00eens\u0103, accent pe experien\u021ba sa \u00een domeniul politicii externe.<\/p>\n<p id=\"p-3\"><em>\u201e<\/em><span><em>Pot spune c\u0103 sunt mai multe candidaturi, sus\u021binute de guverne ale unor state influente din Europa de Vest. Nu am \u00eens\u0103 rezerve s\u0103 intru in aceast\u0103 competi\u021bie, am argumentele mele profesionale, care \u00eenseamn\u0103 pe scurt aproape 32 de ani de carier\u0103 \u00een domeniul politicii externe, pentru Rom\u00e2nia, \u00een rela\u021biile europene, transatlantice si pe un plan multilateral mai larg, din care 29 de ani \u00een leg\u0103tur\u0103 direct\u0103 cu institu\u021biile, func\u021bionarea \u0219i competen\u021bele Consiliului Europei (democra\u021bie, stat de drept, drepturile omului)\u201d<\/em>, a explicat Corl\u0103\u021bean.&nbsp;<\/span><\/p>\n<p id=\"p-4\">Termenul limit\u0103 de depunere a candidaturilor \u00een cadrul organiza\u021biei de la Strasbourg s-a finalizat. Acesta a precizat c\u0103 demersul s\u0103u ar putea fi o oportunitate important\u0103 pentru Rom\u00e2nia.<\/p>\n<p id=\"p-5\"><span><em>\u201eVom vedea dac\u0103 argumentele de carier\u0103 \u0219i profesionale vor prevala sau cele de influen\u021b\u0103 statal\u0103 ori de alt\u0103 natur\u0103\u2026 Oricum, este o oportunitate important\u0103 \u0219i pentru Rom\u00e2nia, dac\u0103 ea se va materializa\u201d<\/em>, a scris senatorul social-democrat.&nbsp;<\/span><\/p>\n<p id=\"p-6\">Reamintim c\u0103 senatorul social-democrat este, \u00eenc\u0103 de la finalul lunii ianuarie, reprezentant al Comisiei de la Vene\u021bia, din partea Comisiei Adun\u0103rii Parlamentare a Consiliului Europei (APCE) pentru afaceri juridice \u0219i drepturile omului.<\/p>\n","protected":false},"excerpt":{"rendered":"<p>\u201eMi-am depus candidatura la pozi\u021bia de Secretar general adjunct al Consiliului Europei. Am primit si sprijinul autorit\u0103\u021bilor rom\u00e2ne. M\u0103rturisesc c\u0103, av\u00e2nd \u00een vedere diferen\u021bele politico-ideologice, nu prea m\u0103 a\u0219teptam, a &hellip; <a href=\"https:\/\/microscopemedia.com\/?p=681548\" class=\"more-link\">Read More<\/a><\/p>\n","protected":false},"author":1,"featured_media":681549,"comment_status":"closed","ping_status":"closed","sticky":false,"template":"Default","format":"standard","meta":[],"categories":[1],"tags":[],"_links":{"self":[{"href":"https:\/\/microscopemedia.com\/index.php?rest_route=\/wp\/v2\/posts\/681548"}],"collection":[{"href":"https:\/\/microscopemedia.com\/index.php?rest_route=\/wp\/v2\/posts"}],"about":[{"href":"https:\/\/microscopemedia.com\/index.php?rest_route=\/wp\/v2\/types\/post"}],"author":[{"embeddable":true,"href":"https:\/\/microscopemedia.com\/index.php?rest_route=\/wp\/v2\/users\/1"}],"replies":[{"embeddable":true,"href":"https:\/\/microscopemedia.com\/index.php?rest_route=%2Fwp%2Fv2%2Fcomments&post=681548"}],"version-history":[{"count":0,"href":"https:\/\/microscopemedia.com\/index.php?rest_route=\/wp\/v2\/posts\/681548\/revisions"}],"wp:featuredmedia":[{"embeddable":true,"href":"https:\/\/microscopemedia.com\/index.php?rest_route=\/wp\/v2\/media\/681549"}],"wp:attachment":[{"href":"https:\/\/microscopemedia.com\/index.php?rest_route=%2Fwp%2Fv2%2Fmedia&parent=681548"}],"wp:term":[{"taxonomy":"category","embeddable":true,"href":"https:\/\/microscopemedia.com\/index.php?rest_route=%2Fwp%2Fv2%2Fcategories&post=681548"},{"taxonomy":"post_tag","embeddable":true,"href":"https:\/\/microscopemedia.com\/index.php?rest_route=%2Fwp%2Fv2%2Ftags&post=681548"}],"curies":[{"name":"wp","href":"https:\/\/api.w.org\/{rel}","templated":true}]}}