{"id":681550,"date":"2026-03-13T01:26:04","date_gmt":"2026-03-13T01:26:04","guid":{"rendered":"https:\/\/microscopemedia.com\/?p=681550"},"modified":"2026-03-13T01:26:04","modified_gmt":"2026-03-13T01:26:04","slug":"venezuela-si-columbia-anuleaza-brusc-intalnirea-planificata-a-presedintilor-invocand-circumstante-de-forta-majora","status":"publish","type":"post","link":"https:\/\/microscopemedia.com\/?p=681550","title":{"rendered":"Venezuela \u0219i Columbia anuleaz\u0103 brusc \u00eent\u00e2lnirea planificat\u0103 a pre\u0219edin\u021bilor, invoc\u00e2nd circumstan\u021be de \u201efor\u021b\u0103 major\u0103\u201d"},"content":{"rendered":"<div><img decoding=\"async\" src=\"https:\/\/microscopemedia.com\/wp-content\/uploads\/2026\/03\/venezuela-si-columbia-anuleaza-brusc-intalnirea-planificata-a-presedintilor-invocand-circumstante-de-forta-majora.jpg\" class=\"ff-og-image-inserted\"><\/div>\n<p id=\"p-0\">Negocierile urmau s\u0103 reprezinte prima \u00eent\u00e2lnire oficial\u0103 a pre\u0219edintei interimare a Venezuelei, Delcy Rodr\u00edguez, al\u0103turi de un lider latino-american, potrivit <a href=\"https:\/\/apnews.com\/article\/venezuela-delcy-colombia-petro-meeting-trump-18793d4492ff9ee6812da4e8ee52c89a\" target=\"_blank\" rel=\"noopener\">Associated Press.&nbsp;&nbsp;<\/a><\/p>\n<p id=\"p-1\">Liderul venezuelean urma s\u0103 se \u00eent\u00e2lneasc\u0103 cu pre\u0219edintele Columbiei, Gustavo Petro, pentru a purta discu\u021bii cu privire la interesele comune \u00een ceea ce prive\u0219te securitatea la frontier\u0103, pe fondul prezen\u021bei grup\u0103rilor armate ilegale asociate cu traficul de droguri. De asemenea, liderii celor dou\u0103 state urmau s\u0103 discute \u0219i despre posibilitatea ca Venezuela s\u0103 exporte gaz natural \u00een Columbia.<\/p>\n<p id=\"p-2\">\u00centr-o declara\u021bie comun\u0103 publicat\u0103 de Ministerul de Externe al Venezuelei, guvernele celor dou\u0103 state din America Latin\u0103 au pus anularea \u00eent\u00e2lnirii pe seama circumstan\u021belor de \u201efor\u021b\u0103 major\u0103\u201d. Nu au fost oferite alte detalii, \u00eens\u0103 a fost precizat faptul c\u0103 \u00eent\u00e2lnirea va avea loc la o dat\u0103 ulterioar\u0103.<\/p>\n<p id=\"p-3\">\u00cen declara\u021bia comun\u0103 este precizat faptul c\u0103 liderul din Columbia \u00ee\u0219i men\u021bine invita\u021bia de a se \u00eent\u00e2lni cu Rodr\u00edguez \u00een cadrul oficial. \u00cen declara\u021bie a fost precizat \u0219i c\u0103 guvernele celor dou\u0103 \u021b\u0103ri r\u0103m\u00e2n \u201eangajate \u00een consolidarea cooper\u0103rii \u0219i a rela\u021biilor bilaterale\u201d.<\/p>\n<p id=\"p-4\">La scurt timp \u00eenainte de anun\u021b, Pre\u0219edin\u021bia Columbiei a anun\u021bat c\u0103 liderul Gustavo Petro a avut o discu\u021bie telefonic\u0103 al\u0103turi de pre\u0219edintele SUA, Donald Trump, \u00een care liderul american i-a urat \u201esucces\u201d pentru \u00eent\u00e2lnirea cu Rodr\u00edguez.<\/p>\n<p id=\"p-5\">Reamintim c\u0103 lidera interimar\u0103 a Venezuelei, <a href=\"https:\/\/www.mediafax.ro\/externe\/venezuela-la-o-zi-dupa-investirea-lui-delcy-rodriguez-ca-presedinte-interimar-armata-patruleaza-pe-strazi-iar-cetatenii-sunt-ingrijorati-ca-telefoanele-lor-sunt-ascultate-23667602\" target=\"_blank\" rel=\"noopener\">Delcy Rodr\u00edguez,<\/a> este cea care i-a luat locul, la \u00eenceputul lunii ianuarie, fostului pre\u0219edinte, Maduro, care a fost capturat de SUA, \u00een urma atacului desf\u0103\u0219urat la Caracas. \u00cen prezent, fostul lider se afl\u0103 <a href=\"https:\/\/www.mediafax.ro\/stirile-zilei\/viata-lui-maduro-dupa-gratii-in-new-york-urla-ca-nebunul-noaptea-eu-sunt-presedintele-23701992\" target=\"_blank\" rel=\"noopener\">\u00eentr-o \u00eenchisoare din New York.&nbsp;<\/a>Acesta este judecat \u00een SUA pentru acuza\u021bii de trafic de droguri.<\/p>\n","protected":false},"excerpt":{"rendered":"<p>Negocierile urmau s\u0103 reprezinte prima \u00eent\u00e2lnire oficial\u0103 a pre\u0219edintei interimare a Venezuelei, Delcy Rodr\u00edguez, al\u0103turi de un lider latino-american, potrivit Associated Press.&nbsp;&nbsp; Liderul venezuelean urma s\u0103 se \u00eent\u00e2lneasc\u0103 cu pre\u0219edintele &hellip; <a href=\"https:\/\/microscopemedia.com\/?p=681550\" class=\"more-link\">Read More<\/a><\/p>\n","protected":false},"author":1,"featured_media":681551,"comment_status":"closed","ping_status":"closed","sticky":false,"template":"Default","format":"standard","meta":[],"categories":[1],"tags":[],"_links":{"self":[{"href":"https:\/\/microscopemedia.com\/index.php?rest_route=\/wp\/v2\/posts\/681550"}],"collection":[{"href":"https:\/\/microscopemedia.com\/index.php?rest_route=\/wp\/v2\/posts"}],"about":[{"href":"https:\/\/microscopemedia.com\/index.php?rest_route=\/wp\/v2\/types\/post"}],"author":[{"embeddable":true,"href":"https:\/\/microscopemedia.com\/index.php?rest_route=\/wp\/v2\/users\/1"}],"replies":[{"embeddable":true,"href":"https:\/\/microscopemedia.com\/index.php?rest_route=%2Fwp%2Fv2%2Fcomments&post=681550"}],"version-history":[{"count":0,"href":"https:\/\/microscopemedia.com\/index.php?rest_route=\/wp\/v2\/posts\/681550\/revisions"}],"wp:featuredmedia":[{"embeddable":true,"href":"https:\/\/microscopemedia.com\/index.php?rest_route=\/wp\/v2\/media\/681551"}],"wp:attachment":[{"href":"https:\/\/microscopemedia.com\/index.php?rest_route=%2Fwp%2Fv2%2Fmedia&parent=681550"}],"wp:term":[{"taxonomy":"category","embeddable":true,"href":"https:\/\/microscopemedia.com\/index.php?rest_route=%2Fwp%2Fv2%2Fcategories&post=681550"},{"taxonomy":"post_tag","embeddable":true,"href":"https:\/\/microscopemedia.com\/index.php?rest_route=%2Fwp%2Fv2%2Ftags&post=681550"}],"curies":[{"name":"wp","href":"https:\/\/api.w.org\/{rel}","templated":true}]}}