{"id":681552,"date":"2026-03-13T02:46:04","date_gmt":"2026-03-13T02:46:04","guid":{"rendered":"https:\/\/microscopemedia.com\/?p=681552"},"modified":"2026-03-13T02:46:04","modified_gmt":"2026-03-13T02:46:04","slug":"nawrocki-blocheaza-participarea-poloniei-in-programul-safe-tusk-a-ratat-ocazia-de-a-actiona-ca-un-patriot","status":"publish","type":"post","link":"https:\/\/microscopemedia.com\/?p=681552","title":{"rendered":"Nawrocki blocheaz\u0103 participarea Poloniei \u00een programul SAFE. Tusk: \u201eA ratat ocazia de a ac\u021biona ca un patriot\u201d"},"content":{"rendered":"<div><img decoding=\"async\" src=\"https:\/\/microscopemedia.com\/wp-content\/uploads\/2026\/03\/nawrocki-blocheaza-participarea-poloniei-in-programul-safe-tusk-a-ratat-ocazia-de-a-actiona-ca-un-patriot.jpg\" class=\"ff-og-image-inserted\"><\/div>\n<p id=\"p-0\">Pre\u0219edintele Poloniei, Karol Nawrocki, s-a opus unei legi care ar fi asigurat&nbsp;miliarde de euro din fondurile UE pentru ap\u0103rarea \u021b\u0103rii sale. Acesta a pus decizia sa pe seama faptului c\u0103 securitatea \u021b\u0103rii sale nu trebuie s\u0103 depind\u0103 de influen\u021ba actorilor str\u0103ini.<\/p>\n<p id=\"p-1\"><em>\u201eSecuritatea Poloniei nu trebuie s\u0103 depind\u0103 de decizii str\u0103ine. Numai un popor care reu\u0219e\u0219te s\u0103-\u0219i asigure propria securitate r\u0103m\u00e2ne cu adev\u0103rat liber\u201d,<\/em> a declarat Nawrocki, potrivit publica\u021biei germane, <a href=\"https:\/\/www.faz.net\/aktuell\/politik\/ausland\/polens-praesident-blockiert-eu-ruestungskredite-fuer-sein-land-200627991.html\" target=\"_blank\" rel=\"noopener\">FAZ.&nbsp;<\/a><\/p>\n<p id=\"p-2\">Uniunea European\u0103 ofer\u0103 \u00eemprumuturi cu dob\u00e2nd\u0103 redus\u0103 \u00een valoare de 150 de miliarde de euro prin programul SAFE, pentru \u00eembun\u0103t\u0103\u021birea capacit\u0103\u021bilor de ap\u0103rare a statelor membre. Polonia urma s\u0103 fie cel mai mare beneficiar, primind aproape 44 de miliarde de euro.<\/p>\n<p id=\"p-3\">La sf\u00e2r\u0219itul lunii februarie, parlamentul Poloniei a aprobat legea care urma s\u0103 implementeze finan\u021barea prin SAFE. Legea a trecut datorit\u0103 voturilor din partea coali\u021biei de centru-st\u00e2nga a premierului Donald Tusk. La acea vreme, Tusk a subliniat c\u0103 mai mult de 80% din fonduri urmau s\u0103 fie investite \u00een contracte cu firmele polone de ap\u0103rare, contracte de ar fi beneficiat 12.000 de firme din \u021bar\u0103.<\/p>\n<h2 id=\"chapter-0\">Tusk: Pre\u0219edintele a ratat ocazia de a ac\u021biona ca un patriot<\/h2>\n<p id=\"p-4\">Cu toate acestea, pre\u0219edintele Nawrocki, cunoscut pentru pozi\u021bionarea sa eurosceptic\u0103, s-a opus legii.<\/p>\n<p id=\"p-5\"><em>\u201ePre\u0219edintele a ratat ocazia de a ac\u021biona ca un patriot\u201d<\/em>, a comentat Tusk, \u00eentr-o postare pe X, cu privire la veto-ul exprimat de Nawrocki.<\/p>\n<p id=\"p-6\">Tusk a convocat o \u0219edin\u021b\u0103 extraordinar\u0103 a cabinetului de mini\u0219tri, programat\u0103 s\u0103 aib\u0103 loc, vineri diminea\u021b\u0103.<\/p>\n<p id=\"p-7\">Disputa eviden\u021biaz\u0103 polarizarea de la Var\u0219ovia, care a \u00eenceput \u00eenc\u0103 de la alegerea lui Nawrocki ca pre\u0219edinte \u00een 2025. De atunci, Polonia, ca stat membru de o mare importan\u021b\u0103 \u00een UE, dar \u0219i \u00een NATO, nu \u0219i-a mai exprimat opinia cu aceea\u0219i voce \u00een ceea ce prive\u0219te chestiunile de importan\u021b\u0103 strategic\u0103, afirm\u0103 publica\u021bia citat\u0103.<\/p>\n<p id=\"p-8\">Motivul este acela c\u0103 pre\u0219edintele este sus\u021binut de partidul conservator de dreapta PiS, \u00een timp ce premierul Donald Tusk se bucur\u0103 de sprijinul unei tabere politice opuse.<\/p>\n<p id=\"p-9\">S\u0103pt\u0103m\u00e2ni \u00een \u0219ir, liderul partidului PiS, <span dir=\"auto\">Jaroslaw Kaczynski, a f\u0103cut campanie \u00eempotriva programului SAFE, r\u0103sp\u00e2ndind o nara\u021biune anti-german\u0103.&nbsp;<\/span><\/p>\n<p id=\"p-10\">Oficialul conservator acuz\u0103 c\u0103 programul de \u00eenarmare al UE ar fi un plan de a cultiva rela\u021bii mai str\u00e2nse cu UE, sub influen\u021ba german\u0103. Oficialul sus\u021bine c\u0103 produc\u0103torii germani de armament ar fi beneficiarii primari. <em>\u201eEi propun o Polonie aflat\u0103 sub domina\u021bie german\u0103 \u0219i respingem aceast\u0103 domina\u021bie german\u0103\u201d<\/em>, sus\u021binea <span dir=\"auto\">Kaczynski.<\/span><\/p>\n<h2 id=\"chapter-1\">Propunerea alternativ\u0103 a lui Nawrocki, respins\u0103 \u201edin fa\u0219\u0103\u201d de Guvernul Tusk<\/h2>\n<p id=\"p-11\">Pentru a putea refuza \u00eemprumuturile UE, dar s\u0103 poat\u0103 investi \u00een continuare \u00een consolidarea armatei poloneze, Nawrocki a prezentat recent un plan alternativ numit \u201eSAFE 0%\u201d, al\u0103turi de&nbsp;guvernatorul B\u0103ncii Na\u021bionale a Poloniei, Adam Glapinski.<\/p>\n<p id=\"p-12\">Planul propune finan\u021barea unui program de \u00eenarmare echivalent cu cel al UE, \u00eens\u0103 f\u0103r\u0103 dob\u00e2nd\u0103,&nbsp;din rezervele valutare \u0219i de aur ale B\u0103ncii Na\u021bionale. Detaliile r\u0103m\u00e2n neclare, iar exper\u021bii financiari au avertizat c\u0103 programul prezint\u0103 riscuri.<\/p>\n<p id=\"p-13\">Cu toate acestea, \u00een discursul s\u0103u, pre\u0219edintele Nawrocki afirma c\u0103 proiectul \u201e\u00eenseamn\u0103 o armat\u0103 puternic\u0103, f\u0103r\u0103 datorii, pentru genera\u021biile viitoare\u201d. Acesta i-a \u00eendemnat pe mini\u0219trii polonezi s\u0103 sus\u021bin\u0103 programul, \u00eens\u0103 punerea \u00een aplicare a proiectului necesit\u0103 aprobarea guvernului Tusk, care deja a anun\u021bat c\u0103 nu va da curs acestei propuneri.<\/p>\n","protected":false},"excerpt":{"rendered":"<p>Pre\u0219edintele Poloniei, Karol Nawrocki, s-a opus unei legi care ar fi asigurat&nbsp;miliarde de euro din fondurile UE pentru ap\u0103rarea \u021b\u0103rii sale. Acesta a pus decizia sa pe seama faptului c\u0103 &hellip; <a href=\"https:\/\/microscopemedia.com\/?p=681552\" class=\"more-link\">Read More<\/a><\/p>\n","protected":false},"author":1,"featured_media":681553,"comment_status":"closed","ping_status":"closed","sticky":false,"template":"Default","format":"standard","meta":[],"categories":[1],"tags":[],"_links":{"self":[{"href":"https:\/\/microscopemedia.com\/index.php?rest_route=\/wp\/v2\/posts\/681552"}],"collection":[{"href":"https:\/\/microscopemedia.com\/index.php?rest_route=\/wp\/v2\/posts"}],"about":[{"href":"https:\/\/microscopemedia.com\/index.php?rest_route=\/wp\/v2\/types\/post"}],"author":[{"embeddable":true,"href":"https:\/\/microscopemedia.com\/index.php?rest_route=\/wp\/v2\/users\/1"}],"replies":[{"embeddable":true,"href":"https:\/\/microscopemedia.com\/index.php?rest_route=%2Fwp%2Fv2%2Fcomments&post=681552"}],"version-history":[{"count":0,"href":"https:\/\/microscopemedia.com\/index.php?rest_route=\/wp\/v2\/posts\/681552\/revisions"}],"wp:featuredmedia":[{"embeddable":true,"href":"https:\/\/microscopemedia.com\/index.php?rest_route=\/wp\/v2\/media\/681553"}],"wp:attachment":[{"href":"https:\/\/microscopemedia.com\/index.php?rest_route=%2Fwp%2Fv2%2Fmedia&parent=681552"}],"wp:term":[{"taxonomy":"category","embeddable":true,"href":"https:\/\/microscopemedia.com\/index.php?rest_route=%2Fwp%2Fv2%2Fcategories&post=681552"},{"taxonomy":"post_tag","embeddable":true,"href":"https:\/\/microscopemedia.com\/index.php?rest_route=%2Fwp%2Fv2%2Ftags&post=681552"}],"curies":[{"name":"wp","href":"https:\/\/api.w.org\/{rel}","templated":true}]}}