{"id":681558,"date":"2026-03-13T04:56:04","date_gmt":"2026-03-13T04:56:04","guid":{"rendered":"https:\/\/microscopemedia.com\/?p=681558"},"modified":"2026-03-13T04:56:04","modified_gmt":"2026-03-13T04:56:04","slug":"razboi-in-orientul-mijlociu-ziua-14-un-avion-cisterna-al-sua-s-a-prabusit-in-irak-sua-le-permite-tarilor-sa-cumpere-petrol-rusesc-timp-de-o-luna-macron-a-condamnat-atacul-asupra-bazei-militare","status":"publish","type":"post","link":"https:\/\/microscopemedia.com\/?p=681558","title":{"rendered":"R\u0103zboi \u00een Orientul Mijlociu, ziua 14 | Un avion cistern\u0103 al SUA s-a pr\u0103bu\u0219it \u00een Irak \/ SUA le permite \u021b\u0103rilor s\u0103 cumpere petrol rusesc timp de o lun\u0103 \/ Macron a condamnat atacul asupra bazei militare din Irak"},"content":{"rendered":"<h2 id=\"chapter-0\">Macron, despre atacul asupra bazei militare din Irak: \u201eEste inacceptabil\u201d. Un soldat francez a fost ucis<\/h2>\n<p id=\"p-0\">Pre\u0219edintele francez, Emmanuel Macron, a condamnat, vineri, atacul cu drone asupra bazei militare Erbil, situat \u00een nordul Irakului. \u00cen urma atacului, un soldat a murit, iar mai mul\u021bi au fost r\u0103ni\u021bi. Pre\u0219edintele Fran\u021bei a precizat c\u0103 atacul este \u201einnaceptabil\u201d, av\u00e2nd \u00een vedere faptul c\u0103 armata francez\u0103, \u00een parteneriat cu for\u021bele Peshmerga din Kurdistan desf\u0103\u0219urau exerci\u021bii comune antiteroriste \u00eempotriva Daesh, <a href=\"https:\/\/www.mediafax.ro\/externe\/macron-despre-atacul-asupra-bazei-militare-din-irak-este-inacceptabil-un-soldat-francez-a-fost-ucis-23702170\" target=\"_blank\" rel=\"noopener\"><strong><span>armata francez\u0103 nefiind implicat\u0103 \u00een conflictul din Iran.&nbsp;<\/span><\/strong><\/a><\/p>\n<hr>\n<h2 id=\"chapter-1\">SUA le permite temporar \u021b\u0103rilor s\u0103 cumpere petrol rusesc. Decizia ar putea st\u00e2rni tensiuni<\/h2>\n<p id=\"p-1\">Statele Unite au autorizat \u021b\u0103rile s\u0103 cumpere petrol \u0219i produse petroliere ruse\u0219ti sanc\u021bionate, care sunt \u00een prezent \u00eenc\u0103rcate pe nave aflate pe mare. Este vorba despre o derogare a sanc\u021biunilor pe o perioad\u0103 de 30 de zile. De\u0219i Rusia afirm\u0103 c\u0103 \u201ef\u0103r\u0103 petrolul rusesc, pia\u021ba global\u0103 a energiei nu poate r\u0103m\u00e2ne stabil\u0103\u201d, decizia ar putea st\u00e2rni <span><strong><a href=\"https:\/\/www.mediafax.ro\/externe\/sua-le-permite-temporar-tarilor-sa-cumpere-petrol-rusesc-decizia-ar-putea-starni-tensiuni-23702166\" target=\"_blank\" rel=\"noopener\">tensiuni \u00eentre Washington \u0219i alia\u021bii s\u0103i.&nbsp;<\/a><\/strong><\/span><\/p>\n<h2 id=\"chapter-2\"><img class=\"aligncenter size-full wp-image-23659452\" src=\"https:\/\/microscopemedia.com\/wp-content\/uploads\/2026\/03\/razboi-in-orientul-mijlociu-ziua-14-un-avion-cisterna-al-sua-s-a-prabusit-in-irak-sua-le-permite-tarilor-sa-cumpere-petrol-rusesc-timp-de-o-luna-macron-a-condamnat-atacul-asupra-bazei-militare.webp\" alt width=\"700\" height=\"464\" loading=\"lazy\" decoding=\"async\" srcset=\"https:\/\/microscopemedia.com\/wp-content\/uploads\/2026\/03\/razboi-in-orientul-mijlociu-ziua-14-un-avion-cisterna-al-sua-s-a-prabusit-in-irak-sua-le-permite-tarilor-sa-cumpere-petrol-rusesc-timp-de-o-luna-macron-a-condamnat-atacul-asupra-bazei-militare-1.webp 500w, https:\/\/microscopemedia.com\/wp-content\/uploads\/2026\/03\/razboi-in-orientul-mijlociu-ziua-14-un-avion-cisterna-al-sua-s-a-prabusit-in-irak-sua-le-permite-tarilor-sa-cumpere-petrol-rusesc-timp-de-o-luna-macron-a-condamnat-atacul-asupra-bazei-militare.webp 728w\"><\/h2>\n<hr>\n<h2 id=\"chapter-3\">Comandamentul Central al Armatei SUA a pierdut o aeronav\u0103 cistern\u0103 pe teritoriul Irakului<\/h2>\n<p id=\"p-2\"><span><strong><a href=\"https:\/\/www.mediafax.ro\/stirile-zilei\/centcom-anunta-ca-si-a-pierdut-aeronava-cisterna-deasupra-irakului-in-timpul-realimentarii-23702119\" target=\"_blank\" rel=\"noopener\">Comandamentul Central al Armatei SUA<\/a><\/strong><\/span> anun\u021b\u0103, printr-un comunicat oficial, c\u0103 \u0219i-a pierdut aeronava cistern\u0103 KC-135, chiar \u00een timpul realiment\u0103rii, pe teritoriul Irakului.<\/p>\n<p id=\"p-3\">Reporterul Jenniffer Jacobs de la CBS sus\u021bine c\u0103 primul avion cistern\u0103 s-a pr\u0103bu\u0219it \u00een vestul Irakului cu o echip\u0103 de 6 militari. Cel\u0103lalt avion KC-135 (avion cistern\u0103) \u201ea fost lovit, dar a aterizat \u00een Israel\u201d, sus\u021bine CBS.<\/p>\n<p id=\"p-4\">&nbsp;<\/p>\n<blockquote class=\"twitter-tweet\" readability=\"11.497005988024\">\n<p dir=\"ltr\" lang=\"en\" id=\"p-5\">U.S. Central Command is aware of the loss of a U.S. KC-135 refueling aircraft. The incident occurred in friendly airspace during Operation Epic Fury, and rescue efforts are ongoing. Two aircraft were involved in the incident. One of the aircraft went down in western Iraq, and the\u2026<\/p>\n<p id=\"p-6\">\u2014 U.S. Central Command (@CENTCOM) <a href=\"https:\/\/twitter.com\/CENTCOM\/status\/2032211125882745265?ref_src=twsrc%5Etfw\">March 12, 2026<\/a><\/p>\n<\/blockquote>\n<hr>\n<h2 id=\"chapter-4\">\u0218ase solda\u021bi francezi, r\u0103ni\u021bi \u00eentr-un atac cu drone asupra unei baze militare irakiene<\/h2>\n<p id=\"p-8\">Cei \u0219ase solda\u021bi francezi care au fost r\u0103ni\u021bi se aflau \u00eentr-o baz\u0103 militar\u0103 din nordul Irakului, c\u00e2nd <strong><span><a href=\"https:\/\/www.mediafax.ro\/externe\/sase-soldati-francezi-raniti-intr-un-atac-cu-drone-asupra-unei-baze-militare-din-irak-23702141\" target=\"_blank\" rel=\"noopener\">aceasta a fost atacat\u0103 de drone.<\/a><\/span><\/strong><\/p>\n<p id=\"p-9\">Atacul a vizat obiectivul militar comun utilizat de Fran\u021ba \u0219i Peshmerga \u2013 for\u021bele armate din regiunea Kurdistan, \u00een zona Makhmur, aflat\u0103 \u00een sud-vestul ora\u0219ului Erbil, potrivit unei declara\u021bii a guvernatorului regional, \u200cOmed Koshnaw.<\/p>\n<p id=\"p-10\">Armata Fran\u021bei a confirmat atacul, declar\u00e2nd c\u0103 solda\u021bii r\u0103ni\u021bi, care erau implica\u021bi \u00een antrenamente anti-teroriste al\u0103turi de partenerii irakieni, au fost du\u0219i la cel mai apropiat centru medical.<\/p>\n<p id=\"p-11\">&nbsp;<\/p>\n<h2 id=\"chapter-5\">Rug\u0103ciuni suspendate \u00een l\u0103ca\u0219urile sfinte din Ierusalim<\/h2>\n<p id=\"p-12\">Rug\u0103ciunea \u00een l\u0103ca\u0219urile sfinte din Ierusalim a fost \u201etemporar suspendat\u0103\u201d, ca rezultat al amenin\u021b\u0103rilor Iranului legate de atacurile cu rachete, potrivit unui comunicat de pres\u0103 al Ministerului de Externe al Israelului.<\/p>\n<p class=\"ssrcss-1q0x1qg-Paragraph e1jhz7w10\" id=\"p-13\">\u201eUna dintre ele a lovit la c\u00e2teva sute de metri de Ora\u0219ul Vechi, Zidul de Vest, Moscheea Al-Aqsa \u0219i Biserica Sf\u00e2ntului Morm\u00e2nt\u201d, potrivit comunicatului citat de <a href=\"https:\/\/www.bbc.com\/news\/live\/c4gqjyk0vx3t?post=asset%3A30b766fb-9e66-4a81-8c6d-c8e62f604de2#post\" target=\"_blank\" rel=\"noopener\">BBC.&nbsp;<\/a><\/p>\n<p id=\"p-14\">\u00cen urma atacului, Ministerul de Externe a precizat c\u0103 rug\u0103ciunile \u201ela toate siturile sfinte\u201d au fost temporar suspendate pentru protejarea vie\u021bilor omene\u0219ti, dar a siguran\u021bei credincio\u0219ilor.<\/p>\n<p class=\"ssrcss-1q0x1qg-Paragraph e1jhz7w10\" id=\"p-15\">C\u00e2teva dintre cele mai importante l\u0103ca\u0219uri de cult iudaice, musulmane \u0219i cre\u0219tine se afl\u0103 \u00een Ierusalim.<\/p>\n","protected":false},"excerpt":{"rendered":"<p>Macron, despre atacul asupra bazei militare din Irak: \u201eEste inacceptabil\u201d. Un soldat francez a fost ucis Pre\u0219edintele francez, Emmanuel Macron, a condamnat, vineri, atacul cu drone asupra bazei militare Erbil, &hellip; <a href=\"https:\/\/microscopemedia.com\/?p=681558\" class=\"more-link\">Read More<\/a><\/p>\n","protected":false},"author":1,"featured_media":681559,"comment_status":"closed","ping_status":"closed","sticky":false,"template":"Default","format":"standard","meta":[],"categories":[1],"tags":[],"_links":{"self":[{"href":"https:\/\/microscopemedia.com\/index.php?rest_route=\/wp\/v2\/posts\/681558"}],"collection":[{"href":"https:\/\/microscopemedia.com\/index.php?rest_route=\/wp\/v2\/posts"}],"about":[{"href":"https:\/\/microscopemedia.com\/index.php?rest_route=\/wp\/v2\/types\/post"}],"author":[{"embeddable":true,"href":"https:\/\/microscopemedia.com\/index.php?rest_route=\/wp\/v2\/users\/1"}],"replies":[{"embeddable":true,"href":"https:\/\/microscopemedia.com\/index.php?rest_route=%2Fwp%2Fv2%2Fcomments&post=681558"}],"version-history":[{"count":0,"href":"https:\/\/microscopemedia.com\/index.php?rest_route=\/wp\/v2\/posts\/681558\/revisions"}],"wp:featuredmedia":[{"embeddable":true,"href":"https:\/\/microscopemedia.com\/index.php?rest_route=\/wp\/v2\/media\/681559"}],"wp:attachment":[{"href":"https:\/\/microscopemedia.com\/index.php?rest_route=%2Fwp%2Fv2%2Fmedia&parent=681558"}],"wp:term":[{"taxonomy":"category","embeddable":true,"href":"https:\/\/microscopemedia.com\/index.php?rest_route=%2Fwp%2Fv2%2Fcategories&post=681558"},{"taxonomy":"post_tag","embeddable":true,"href":"https:\/\/microscopemedia.com\/index.php?rest_route=%2Fwp%2Fv2%2Ftags&post=681558"}],"curies":[{"name":"wp","href":"https:\/\/api.w.org\/{rel}","templated":true}]}}