{"id":681580,"date":"2026-03-13T07:06:04","date_gmt":"2026-03-13T07:06:04","guid":{"rendered":"https:\/\/microscopemedia.com\/?p=681580"},"modified":"2026-03-13T07:06:04","modified_gmt":"2026-03-13T07:06:04","slug":"italia-isi-retrage-militarii-de-la-baza-nato-din-nordul-irakului-si-reduce-personalul-diplomatic","status":"publish","type":"post","link":"https:\/\/microscopemedia.com\/?p=681580","title":{"rendered":"Italia \u00ee\u0219i retrage militarii de la baza NATO din nordul Irakului \u0219i reduce personalul diplomatic"},"content":{"rendered":"<div><img decoding=\"async\" src=\"https:\/\/microscopemedia.com\/wp-content\/uploads\/2026\/03\/italia-isi-retrage-militarii-de-la-baza-nato-din-nordul-irakului-si-reduce-personalul-diplomatic.jpg\" class=\"ff-og-image-inserted\"><\/div>\n<p id=\"p-0\">Ministrul italian de externe \u0219i cel al ap\u0103r\u0103rii, Antonio Tajani \u0219i Guido Crosetto, au anun\u021bat joi c\u0103 militarii italieni vor fi retra\u0219i \u201e\u00een siguran\u021b\u0103, c\u00e2t mai cur\u00e2nd posibil\u201d, subliniind c\u0103 m\u0103sura este temporar\u0103<\/p>\n<p id=\"p-1\">Atacul asupra bazei din Erbil nu a provocat victime. Oficialii italieni, cita\u021bi de <a href=\"https:\/\/www.ansa.it\/amp\/english\/news\/2026\/03\/12\/italy-troops-at-drone-hit-erbil-base-to-be-pulled-out-asap_fed78849-33e0-4f78-a619-0aceb7923787.html\" target=\"_blank\" rel=\"noopener\">ANSA<\/a>, au spus c\u0103 au existat pagube materiale minore, \u00eens\u0103 personalul militar s-a ad\u0103postit \u00een timp util \u00een zone protejate.<\/p>\n<p id=\"p-2\">Autorit\u0103\u021bile italiene au precizat \u00eens\u0103 c\u0103 procesul de reducere a prezen\u021bei militare fusese planificat \u00eenc\u0103 \u00eenainte de atac.<\/p>\n<h2 id=\"chapter-0\">Evacuarea militarilor, dificil\u0103 din punct de vedere logistic<\/h2>\n<p id=\"p-3\">Ministrul Ap\u0103r\u0103rii a precizat c\u0103 este vorba de 141 de militari italieni, care se aflau la baza din Erbil \u00een momentul atacului. Potrivit acestuia, 102 militari s-au \u00eentors deja \u00een Italia, iar al\u021bi aproximativ 40 au fost reloca\u021bi \u00een Iordania, \u00een timp ce restul contingentului urmeaz\u0103 s\u0103 fie evacuat.<\/p>\n<p id=\"p-4\">Evacuarea este complicat\u0103 din punct de vedere logistic deoarece militarii nu pot fi transporta\u021bi direct cu avionul. Retragerea se va face pe cale terestr\u0103, cel mai probabil prin Turcia, spun autorit\u0103\u021bile italiene.<\/p>\n<p id=\"p-5\">\u201eNu este u\u0219or, deoarece nu este posibil s\u0103 trimitem un avion, astfel c\u0103 opera\u021biunea trebuie realizat\u0103 pe uscat\u201d, a explicat Crosetto.<\/p>\n<h2 id=\"chapter-1\">Suspiciuni privind implicarea mili\u021biilor pro-iraniene<\/h2>\n<p id=\"p-6\">Ministrul italian de externe a declarat c\u0103 atacul din noaptea precedent\u0103 nu a provocat pagube trupelor italiene, \u00eens\u0103 este posibil ca dronele s\u0103 fi fost lansate de grup\u0103ri pro-iraniene din Irak.<\/p>\n<p id=\"p-7\">\u201eVa fi necesar\u0103 o evaluare tehnic\u0103\u201d, a spus Tajani, ad\u0103ug\u00e2nd c\u0103 pagubele produse la baz\u0103 nu sunt semnificative.<\/p>\n<p id=\"p-8\">Oficialul italian a precizat c\u0103 guvernul de la Roma nu consider\u0103 c\u0103 Italia se afl\u0103 \u00een r\u0103zboi \u0219i c\u0103 obiectivul este evitarea unei escalad\u0103ri a conflictului.<\/p>\n<h2 id=\"chapter-2\">Reducerea personalului diplomatic<\/h2>\n<p id=\"p-9\">Pe l\u00e2ng\u0103 retragerea militarilor, Italia a decis \u0219i reducerea personalului diplomatic din Irak.<\/p>\n<p id=\"p-10\">\u201eReducem personalul at\u00e2t la ambasada din Bagdad, c\u00e2t \u0219i la consulatul din Erbil din motive de securitate\u201d, a declarat Tajani dup\u0103 o reuniune care a avut loc joi la Ministerul de Externe italian, la care au participat reprezentan\u021bi ai Ministerului Ap\u0103r\u0103rii \u0219i ai biroului premierului.<\/p>\n<h2 id=\"chapter-3\">Escaladare regional\u0103<\/h2>\n<p id=\"p-11\">Incidentul are loc \u00eentr-un moment \u00een care tensiunile din Orientul Mijlociu au crescut semnificativ, dup\u0103 atacurile lansate de Statele Unite \u0219i Israel asupra Iranului la sf\u00e2r\u0219itul lunii februarie \u0219i riposta ulterioar\u0103 a Teheranului cu drone \u0219i rachete \u00een mai multe state din regiune.<\/p>\n<p id=\"p-12\">\u00cen ultimele zile au fost raportate atacuri sau tentative de atac asupra unor obiective militare din Irak, iar autorit\u0103\u021bile italiene au men\u021bionat c\u0103 incidente similare au fost semnalate \u0219i \u00een Abu Dhabi, Dubai \u0219i Kuweit.<\/p>\n<p id=\"p-13\">Baza din Erbil face parte din infrastructura militar\u0103 utilizat\u0103 de coali\u021bia interna\u021bional\u0103 \u0219i NATO \u00een Irak, unde militari occidentali particip\u0103 la misiuni de instruire \u0219i sprijin pentru for\u021bele locale.<\/p>\n<p id=\"p-14\">Autorit\u0103\u021bile italiene au precizat c\u0103 nu au existat alte atacuri asupra bazei italiene, iar starea de spirit a militarilor r\u0103m\u00e2ne bun\u0103, chiar dac\u0103 ace\u0219tia sunt obosi\u021bi dup\u0103 ultimele evenimente.<\/p>\n","protected":false},"excerpt":{"rendered":"<p>Ministrul italian de externe \u0219i cel al ap\u0103r\u0103rii, Antonio Tajani \u0219i Guido Crosetto, au anun\u021bat joi c\u0103 militarii italieni vor fi retra\u0219i \u201e\u00een siguran\u021b\u0103, c\u00e2t mai cur\u00e2nd posibil\u201d, subliniind c\u0103 &hellip; <a href=\"https:\/\/microscopemedia.com\/?p=681580\" class=\"more-link\">Read More<\/a><\/p>\n","protected":false},"author":1,"featured_media":681581,"comment_status":"closed","ping_status":"closed","sticky":false,"template":"Default","format":"standard","meta":[],"categories":[1],"tags":[],"_links":{"self":[{"href":"https:\/\/microscopemedia.com\/index.php?rest_route=\/wp\/v2\/posts\/681580"}],"collection":[{"href":"https:\/\/microscopemedia.com\/index.php?rest_route=\/wp\/v2\/posts"}],"about":[{"href":"https:\/\/microscopemedia.com\/index.php?rest_route=\/wp\/v2\/types\/post"}],"author":[{"embeddable":true,"href":"https:\/\/microscopemedia.com\/index.php?rest_route=\/wp\/v2\/users\/1"}],"replies":[{"embeddable":true,"href":"https:\/\/microscopemedia.com\/index.php?rest_route=%2Fwp%2Fv2%2Fcomments&post=681580"}],"version-history":[{"count":0,"href":"https:\/\/microscopemedia.com\/index.php?rest_route=\/wp\/v2\/posts\/681580\/revisions"}],"wp:featuredmedia":[{"embeddable":true,"href":"https:\/\/microscopemedia.com\/index.php?rest_route=\/wp\/v2\/media\/681581"}],"wp:attachment":[{"href":"https:\/\/microscopemedia.com\/index.php?rest_route=%2Fwp%2Fv2%2Fmedia&parent=681580"}],"wp:term":[{"taxonomy":"category","embeddable":true,"href":"https:\/\/microscopemedia.com\/index.php?rest_route=%2Fwp%2Fv2%2Fcategories&post=681580"},{"taxonomy":"post_tag","embeddable":true,"href":"https:\/\/microscopemedia.com\/index.php?rest_route=%2Fwp%2Fv2%2Ftags&post=681580"}],"curies":[{"name":"wp","href":"https:\/\/api.w.org\/{rel}","templated":true}]}}