{"id":681594,"date":"2026-03-13T08:26:04","date_gmt":"2026-03-13T08:26:04","guid":{"rendered":"https:\/\/microscopemedia.com\/?p=681594"},"modified":"2026-03-13T08:26:04","modified_gmt":"2026-03-13T08:26:04","slug":"resturile-unei-rachete-s-au-prabusit-langa-un-mare-oras-din-turcia-aflat-intr-o-regiune-turistica","status":"publish","type":"post","link":"https:\/\/microscopemedia.com\/?p=681594","title":{"rendered":"Resturile unei rachete s-au pr\u0103bu\u0219it l\u00e2ng\u0103 un mare ora\u0219 din Turcia, aflat \u00eentr-o regiune turistic\u0103"},"content":{"rendered":"<div><img decoding=\"async\" src=\"https:\/\/microscopemedia.com\/wp-content\/uploads\/2026\/03\/resturile-unei-rachete-s-au-prabusit-langa-un-mare-oras-din-turcia-aflat-intr-o-regiune-turistica.jpg\" class=\"ff-og-image-inserted\"><\/div>\n<p id=\"p-0\">Resturile \u00een fl\u0103c\u0103ri ale unei rachete s-au pr\u0103bu\u0219it l\u00e2ng\u0103 Adana, un ora\u0219 aflat \u00een sudul Turciei, foarte aproape de malul M\u0103rii Mediterane, potrivit <a href=\"https:\/\/www.aljazeera.com\/news\/liveblog\/2026\/3\/13\/iran-war-live-trump-says-war-going-well-as-gulf-under-wave-of-attacks\" target=\"_blank\" rel=\"noopener\">Al Jazeera<\/a>. Numero\u0219i localnici au asistat la incident.<\/p>\n<p id=\"p-1\">Potrivit primelor informa\u021bii, nicio persoan\u0103 nu a fost r\u0103nit\u0103 \u0219i nu sunt pagube importante. Martorii au relatat c\u0103 fragmentele unei rachete au \u00eenceput s\u0103 ard\u0103 \u00een atmosfer\u0103 \u0219i apoi s-au pr\u0103bu\u0219it pe p\u0103m\u00e2nt<\/p>\n<p id=\"p-2\">Ministerului Ap\u0103r\u0103rii din Turcia a \u00eenceput o anchet\u0103, dar nu a f\u0103cut \u00eenc\u0103 niciun comentariu. Aceasta ar putea fi a treia rachet\u0103 lansat\u0103 din partea iranian\u0103 c\u0103tre Turcia de la \u00eenceputul r\u0103zboiului din Orientul Mijlociu. Precedentele dou\u0103 au fost interceptate de sistemele de ap\u0103rare NATO desf\u0103\u0219urate \u00een estul Mediteranei. Resturile au aterizat \u00een Turcia.<\/p>\n<p id=\"p-3\">Pre\u0219edintele iranian a declarat c\u0103 nu au fost lansate rachete din Iran c\u0103tre Turcia \u0219i c\u0103 a solicitat o investiga\u021bie.<\/p>\n","protected":false},"excerpt":{"rendered":"<p>Resturile \u00een fl\u0103c\u0103ri ale unei rachete s-au pr\u0103bu\u0219it l\u00e2ng\u0103 Adana, un ora\u0219 aflat \u00een sudul Turciei, foarte aproape de malul M\u0103rii Mediterane, potrivit Al Jazeera. Numero\u0219i localnici au asistat la &hellip; <a href=\"https:\/\/microscopemedia.com\/?p=681594\" class=\"more-link\">Read More<\/a><\/p>\n","protected":false},"author":1,"featured_media":681595,"comment_status":"closed","ping_status":"closed","sticky":false,"template":"Default","format":"standard","meta":[],"categories":[1],"tags":[],"_links":{"self":[{"href":"https:\/\/microscopemedia.com\/index.php?rest_route=\/wp\/v2\/posts\/681594"}],"collection":[{"href":"https:\/\/microscopemedia.com\/index.php?rest_route=\/wp\/v2\/posts"}],"about":[{"href":"https:\/\/microscopemedia.com\/index.php?rest_route=\/wp\/v2\/types\/post"}],"author":[{"embeddable":true,"href":"https:\/\/microscopemedia.com\/index.php?rest_route=\/wp\/v2\/users\/1"}],"replies":[{"embeddable":true,"href":"https:\/\/microscopemedia.com\/index.php?rest_route=%2Fwp%2Fv2%2Fcomments&post=681594"}],"version-history":[{"count":0,"href":"https:\/\/microscopemedia.com\/index.php?rest_route=\/wp\/v2\/posts\/681594\/revisions"}],"wp:featuredmedia":[{"embeddable":true,"href":"https:\/\/microscopemedia.com\/index.php?rest_route=\/wp\/v2\/media\/681595"}],"wp:attachment":[{"href":"https:\/\/microscopemedia.com\/index.php?rest_route=%2Fwp%2Fv2%2Fmedia&parent=681594"}],"wp:term":[{"taxonomy":"category","embeddable":true,"href":"https:\/\/microscopemedia.com\/index.php?rest_route=%2Fwp%2Fv2%2Fcategories&post=681594"},{"taxonomy":"post_tag","embeddable":true,"href":"https:\/\/microscopemedia.com\/index.php?rest_route=%2Fwp%2Fv2%2Ftags&post=681594"}],"curies":[{"name":"wp","href":"https:\/\/api.w.org\/{rel}","templated":true}]}}