{"id":681596,"date":"2026-03-13T08:37:03","date_gmt":"2026-03-13T08:37:03","guid":{"rendered":"https:\/\/microscopemedia.com\/?p=681596"},"modified":"2026-03-13T08:37:03","modified_gmt":"2026-03-13T08:37:03","slug":"cand-ar-urma-sa-fie-lansata-misiunea-artemis-ii-catre-luna-anuntul-facut-de-nasa","status":"publish","type":"post","link":"https:\/\/microscopemedia.com\/?p=681596","title":{"rendered":"C\u00e2nd ar urma s\u0103 fie lansat\u0103 misiunea Artemis II c\u0103tre Lun\u0103? Anun\u021bul f\u0103cut de NASA"},"content":{"rendered":"<div><img decoding=\"async\" src=\"https:\/\/microscopemedia.com\/wp-content\/uploads\/2026\/03\/cand-ar-urma-sa-fie-lansata-misiunea-artemis-ii-catre-luna-anuntul-facut-de-nasa.jpg\" class=\"ff-og-image-inserted\"><\/div>\n<p id=\"p-0\">NASA a declarat, joi, c\u0103 lansarea misiunii Artemis II, prima misiune cu echipaj uman c\u0103tre Lun\u0103 \u00een peste 50 de ani, ar putea avea loc pe 1 aprilie.<\/p>\n<p id=\"p-1\">\u201eSuntem pe drumul cel bun pentru o lansare \u00eenc\u0103 din 1 aprilie \u0219i lucr\u0103m \u00een acest sens. Este un zbor de testare \u0219i nu este lipsit de riscuri, dar echipa noastr\u0103 \u0219i echipamentul nostru sunt preg\u0103tite. Re\u021bine\u021bi \u00eens\u0103 c\u0103 mai avem \u00eenc\u0103 de lucru\u201d, a declarat Lori Glaze, un \u00eenalt oficial al NASA, \u00eentr-o conferin\u021b\u0103 de pres\u0103, potrivit <span><a href=\"https:\/\/www.theguardian.com\/science\/2026\/mar\/13\/nasa-artemis-ii-moon-mission-launch-april\" target=\"_blank\" rel=\"noopener\">The Guardian<\/a><\/span>.<\/p>\n<p id=\"p-2\">Lansarea misiunii Artemis II era prev\u0103zut\u0103 ini\u021bial pentru luna februarie, \u00eens\u0103 demersul a fost am\u00e2nat \u00een contextul unor dificult\u0103\u021bi tehnice. Pe l\u00e2ng\u0103 prima fereastr\u0103 de lansare pe 1 aprilie, NASA anticipeaz\u0103 \u0219i alte \u201epatru oportunit\u0103\u021bi\u201d&nbsp;\u00een zilele urm\u0103toare.<\/p>\n<p id=\"p-3\">Racheta va fi pilotat\u0103 de trei astronau\u021bi americani \u2013 Reid Wiseman, Victor Glover \u0219i Christina Koch \u2013 \u0219i de astronautul canadian Jeremy Hansen.<\/p>\n<blockquote class=\"twitter-tweet\" readability=\"10.098214285714\">\n<p dir=\"ltr\" lang=\"en\" id=\"p-4\">NASA teams have polled \u2018go\u2019 to proceed toward Artemis II\u2019s launch around the Moon.<\/p>\n<p id=\"p-5\">We\u2019re targeting March 19 to roll the rocket out to the launchpad at <a href=\"https:\/\/twitter.com\/NASAKennedy?ref_src=twsrc%5Etfw\">@NASAKennedy<\/a> in advance of a launch attempt on April 1, pending completion of work at the pad: <a href=\"https:\/\/t.co\/B58YibEjYI\">https:\/\/t.co\/B58YibEjYI<\/a> <a href=\"https:\/\/t.co\/vSVV6wx5No\">pic.twitter.com\/vSVV6wx5No<\/a><\/p>\n<p id=\"p-6\">\u2014 NASA (@NASA) <a href=\"https:\/\/twitter.com\/NASA\/status\/2032204747822752140?ref_src=twsrc%5Etfw\">March 12, 2026<\/a><\/p>\n<\/blockquote>\n<p id=\"p-8\">Dup\u0103 lansare, Artemis II va face un \u00eenconjur al P\u0103m\u00e2ntului \u00eenainte de a p\u0103r\u0103si orbita pentru a c\u0103l\u0103tori c\u0103tre Lun\u0103, f\u0103r\u0103 a ateriza, pentru o survolare lunar\u0103. Ulterior, va reveni pe P\u0103m\u00e2nt \u0219i va ameriza.<\/p>\n<p id=\"p-9\">\u201eDistan\u021ba exact\u0103 la care echipajul Artemis II va zbura de Lun\u0103 va depinde de momentul lans\u0103rii, \u00eentruc\u00e2t Luna \u201ese va afla \u00eentr-un punct diferit pentru fiecare dintre datele posibile de lansare\u201d.<\/p>\n<p id=\"p-10\">Artemis II va fi prima misiune cu echipaj uman c\u0103tre Lun\u0103 dup\u0103 mai bine de 50 ani. Prima misiune Artemis a zburat mult mai aproape de Lun\u0103, la circa 80 de mile deasupra suprafe\u021bei.<\/p>\n","protected":false},"excerpt":{"rendered":"<p>NASA a declarat, joi, c\u0103 lansarea misiunii Artemis II, prima misiune cu echipaj uman c\u0103tre Lun\u0103 \u00een peste 50 de ani, ar putea avea loc pe 1 aprilie. \u201eSuntem pe &hellip; <a href=\"https:\/\/microscopemedia.com\/?p=681596\" class=\"more-link\">Read More<\/a><\/p>\n","protected":false},"author":1,"featured_media":681597,"comment_status":"closed","ping_status":"closed","sticky":false,"template":"Default","format":"standard","meta":[],"categories":[1],"tags":[],"_links":{"self":[{"href":"https:\/\/microscopemedia.com\/index.php?rest_route=\/wp\/v2\/posts\/681596"}],"collection":[{"href":"https:\/\/microscopemedia.com\/index.php?rest_route=\/wp\/v2\/posts"}],"about":[{"href":"https:\/\/microscopemedia.com\/index.php?rest_route=\/wp\/v2\/types\/post"}],"author":[{"embeddable":true,"href":"https:\/\/microscopemedia.com\/index.php?rest_route=\/wp\/v2\/users\/1"}],"replies":[{"embeddable":true,"href":"https:\/\/microscopemedia.com\/index.php?rest_route=%2Fwp%2Fv2%2Fcomments&post=681596"}],"version-history":[{"count":0,"href":"https:\/\/microscopemedia.com\/index.php?rest_route=\/wp\/v2\/posts\/681596\/revisions"}],"wp:featuredmedia":[{"embeddable":true,"href":"https:\/\/microscopemedia.com\/index.php?rest_route=\/wp\/v2\/media\/681597"}],"wp:attachment":[{"href":"https:\/\/microscopemedia.com\/index.php?rest_route=%2Fwp%2Fv2%2Fmedia&parent=681596"}],"wp:term":[{"taxonomy":"category","embeddable":true,"href":"https:\/\/microscopemedia.com\/index.php?rest_route=%2Fwp%2Fv2%2Fcategories&post=681596"},{"taxonomy":"post_tag","embeddable":true,"href":"https:\/\/microscopemedia.com\/index.php?rest_route=%2Fwp%2Fv2%2Ftags&post=681596"}],"curies":[{"name":"wp","href":"https:\/\/api.w.org\/{rel}","templated":true}]}}