{"id":681598,"date":"2026-03-13T08:56:03","date_gmt":"2026-03-13T08:56:03","guid":{"rendered":"https:\/\/microscopemedia.com\/?p=681598"},"modified":"2026-03-13T08:56:03","modified_gmt":"2026-03-13T08:56:03","slug":"sportivii-au-schiat-in-pantaloni-scurti-si-tricouri-la-jocurile-paralimpice-de-la-milano-cortina","status":"publish","type":"post","link":"https:\/\/microscopemedia.com\/?p=681598","title":{"rendered":"Sportivii au schiat \u00een pantaloni scur\u021bi \u0219i tricouri la Jocurile Paralimpice de la Milano Cortina"},"content":{"rendered":"<div><img decoding=\"async\" src=\"https:\/\/microscopemedia.com\/wp-content\/uploads\/2026\/03\/sportivii-au-schiat-in-pantaloni-scurti-si-tricouri-la-jocurile-paralimpice-de-la-milano-cortina.jpg\" class=\"ff-og-image-inserted\"><\/div>\n<p id=\"p-0\">Vremea cald\u0103 de la Jocurile Paralimpice care se desf\u0103\u0219oar\u0103 p\u00e2n\u0103 duminic\u0103 \u00eei face pe unii sportivi s\u0103 se \u00eentrebe: ar trebui aceste Jocuri s\u0103 aib\u0103 loc mai devreme \u00een cursul anului, c\u00e2nd vremea rece este mai sigur\u0103?,potrivit <a href=\"https:\/\/apnews.com\/article\/milan-cortina-olympics-weather-climate-change-paralympics-593aa27b06a16443b007a97b6c8371b4\" target=\"_blank\" rel=\"noopener\">AP<\/a>.<\/p>\n<p id=\"p-1\">\u201eDac\u0103 ar fi decizia mea, a\u0219 muta absolut Jocurile Olimpice \u0219i Paralimpice\u201d, a declarat snowboarderul american Zach Miller.<\/p>\n<p id=\"p-2\">C\u0103ldura de la \u00eenceputul lunii martie ar fi \u201eaproape imposibil\u0103\u201d f\u0103r\u0103 influen\u021ba schimb\u0103rilor climatice, a declarat Shel Winkley, meteorolog la Climate Central.<\/p>\n<h2 id=\"chapter-0\">Efect al schimb\u0103rilor climatice<\/h2>\n<p id=\"p-3\">Cercet\u0103torii spun c\u0103 locurile care pot g\u0103zdui \u00een mod fiabil Jocurile Paralimpice se vor mic\u0219ora din cauza schimb\u0103rilor climatice. Jocurile Paralimpice au loc de obicei la dou\u0103 s\u0103pt\u0103m\u00e2ni dup\u0103 Jocurile Olimpice de iarn\u0103. Comitetul Interna\u021bional Olimpic a declarat c\u0103 are \u00een vedere rotirea Jocurilor \u00eentr-un grup permanent de loca\u021bii potrivite \u0219i organizarea lor mai devreme, deoarece luna martie devine prea cald\u0103 pentru Jocurile Paralimpice.<\/p>\n<p id=\"p-4\">Comitetul Paralimpic Interna\u021bional colaboreaz\u0103 cu CIO pentru a analiza datele. Mutarea lor nu este u\u0219oar\u0103 din cauza altor competi\u021bii sportive majore de iarn\u0103, dar ar putea fi necesar\u0103 pentru a asigura cele mai bune condi\u021bii, a declarat Craig Spence, directorul de brand \u0219i comunicare al IPC.<\/p>\n","protected":false},"excerpt":{"rendered":"<p>Vremea cald\u0103 de la Jocurile Paralimpice care se desf\u0103\u0219oar\u0103 p\u00e2n\u0103 duminic\u0103 \u00eei face pe unii sportivi s\u0103 se \u00eentrebe: ar trebui aceste Jocuri s\u0103 aib\u0103 loc mai devreme \u00een cursul &hellip; <a href=\"https:\/\/microscopemedia.com\/?p=681598\" class=\"more-link\">Read More<\/a><\/p>\n","protected":false},"author":1,"featured_media":681599,"comment_status":"closed","ping_status":"closed","sticky":false,"template":"Default","format":"standard","meta":[],"categories":[1],"tags":[],"_links":{"self":[{"href":"https:\/\/microscopemedia.com\/index.php?rest_route=\/wp\/v2\/posts\/681598"}],"collection":[{"href":"https:\/\/microscopemedia.com\/index.php?rest_route=\/wp\/v2\/posts"}],"about":[{"href":"https:\/\/microscopemedia.com\/index.php?rest_route=\/wp\/v2\/types\/post"}],"author":[{"embeddable":true,"href":"https:\/\/microscopemedia.com\/index.php?rest_route=\/wp\/v2\/users\/1"}],"replies":[{"embeddable":true,"href":"https:\/\/microscopemedia.com\/index.php?rest_route=%2Fwp%2Fv2%2Fcomments&post=681598"}],"version-history":[{"count":0,"href":"https:\/\/microscopemedia.com\/index.php?rest_route=\/wp\/v2\/posts\/681598\/revisions"}],"wp:featuredmedia":[{"embeddable":true,"href":"https:\/\/microscopemedia.com\/index.php?rest_route=\/wp\/v2\/media\/681599"}],"wp:attachment":[{"href":"https:\/\/microscopemedia.com\/index.php?rest_route=%2Fwp%2Fv2%2Fmedia&parent=681598"}],"wp:term":[{"taxonomy":"category","embeddable":true,"href":"https:\/\/microscopemedia.com\/index.php?rest_route=%2Fwp%2Fv2%2Fcategories&post=681598"},{"taxonomy":"post_tag","embeddable":true,"href":"https:\/\/microscopemedia.com\/index.php?rest_route=%2Fwp%2Fv2%2Ftags&post=681598"}],"curies":[{"name":"wp","href":"https:\/\/api.w.org\/{rel}","templated":true}]}}