{"id":681606,"date":"2026-03-13T09:46:04","date_gmt":"2026-03-13T09:46:04","guid":{"rendered":"https:\/\/microscopemedia.com\/?p=681606"},"modified":"2026-03-13T09:46:04","modified_gmt":"2026-03-13T09:46:04","slug":"nereguli-la-concediile-medicale-acordate-personalului-primariei-sectorului-2-casele-de-asigurari-amendate","status":"publish","type":"post","link":"https:\/\/microscopemedia.com\/?p=681606","title":{"rendered":"Nereguli la concediile medicale acordate personalului Prim\u0103riei Sectorului 2. Casele de asigur\u0103ri, amendate"},"content":{"rendered":"<div><img decoding=\"async\" src=\"https:\/\/microscopemedia.com\/wp-content\/uploads\/2026\/03\/nereguli-la-concediile-medicale-acordate-personalului-primariei-sectorului-2-casele-de-asigurari-amendate.jpg\" class=\"ff-og-image-inserted\"><\/div>\n<p id=\"p-0\">Verific\u0103rile au fost solicitate de <a href=\"https:\/\/www.ps2.ro\/\" target=\"_blank\" rel=\"noopener\">Prim\u0103ria Sectorului 2<\/a> dup\u0103 ce, \u00een urma reorganiz\u0103rii aparatului administrativ al institu\u021biei, a fost observat\u0103 o cre\u0219tere neobi\u0219nuit\u0103 a num\u0103rului de concedii medicale. \u201eRaportul rezultat \u00een urma controalelor privind modul de acordare \u0219i justificare a concediilor medicale (\u2026) confirm\u0103 existen\u021ba unor nereguli \u0219i a dus la aplicarea de sanc\u021biuni contraven\u021bionale \u00een valoare total\u0103 de 128.000 lei\u201d, a comunicat vineri institu\u021bia.<\/p>\n<p id=\"p-1\">\u00cen total, au fost identificate 22 de situa\u021bii de abateri, pentru care au fost aplicate 11 avertismente \u0219i 15 amenzi.<\/p>\n<h2 id=\"chapter-0\">Casele de asigur\u0103ri sanc\u021bionate<\/h2>\n<p id=\"p-2\">Sanc\u021biunile au fost aplicate astfel: CAS Arge\u0219 a primit un avertisment, f\u0103r\u0103 amenzi, iar CAS C\u0103l\u0103ra\u0219i a primit trei avertismente. \u00cen cazul CAS Ilfov au fost aplicate \u0219apte avertismente \u0219i cinci amenzi \u00een valoare total\u0103 de 38.000 de lei, \u00een timp ce CAS Municipiul Bucure\u0219ti a fost sanc\u021bionat\u0103 cu nou\u0103 amenzi \u00eensum\u00e2nd 84.000 de lei. De asemenea, CASA OPSNAJ a primit o amend\u0103 de 6.000 de lei.<\/p>\n<h2 id=\"chapter-1\">Nereguli repetate<\/h2>\n<p id=\"p-3\">Verific\u0103rile au eviden\u021biat mai multe tipuri de abateri repetate. Printre cele mai frecvente se num\u0103r\u0103 lipsa adeverin\u021bei de salariat sau prezentarea acesteia \u00eentr-o form\u0103 neconform\u0103, eliberarea adeverin\u021belor dup\u0103 acordarea concediului medical ori adeverin\u021be care nu erau valabile la momentul emiterii certificatului.<\/p>\n<p id=\"p-4\">De asemenea, au fost constatate situa\u021bii \u00een care documenta\u021bia medical\u0103 nu con\u021binea men\u021biuni obligatorii privind regimul igieno-dietetic \u0219i indica\u021biile terapeutice, dar \u0219i neconcordan\u021be \u00eentre eviden\u021ba primar\u0103 a cabinetelor medicale \u0219i certificatele de concediu medical eliberate.<\/p>\n<p id=\"p-5\">Alte abateri identificate \u00een urma verific\u0103rilor au inclus nerespectarea prevederilor legale privind data acord\u0103rii concediului medical, dar \u0219i situa\u021bii punctuale, precum lipsa demersurilor pentru pensionarea pacientului la expirarea perioadei maxime de concediu medical sau eliberarea necorespunz\u0103toare a certificatelor.<\/p>\n<h2 id=\"chapter-2\">Num\u0103rul concediilor medicale s-a dublat<\/h2>\n<p id=\"p-6\">\u201eDoar \u00een luna iulie 2025 au fost acordate 113 concedii medicale, cu aproximativ 50% mai multe dec\u00e2t \u00een aceea\u0219i perioad\u0103 a anului precedent\u201d, a comunicat Prim\u0103ria Sectorului 2.<\/p>\n<p id=\"p-7\">\u00cen total, aceste concedii au \u00eensumat 1.142 de zile de absen\u021b\u0103 \u0219i au generat cheltuieli suplimentare de aproximativ 250.000 de lei din bugetul local.<\/p>\n<p id=\"p-8\">\u201eAcest demers nu a avut ca scop sanc\u021bionarea persoanelor care au nevoie real\u0103 de concediu medical, ci protejarea corectitudinii utiliz\u0103rii fondurilor publice\u201d, au transmis autorit\u0103\u021bile locale.<\/p>\n","protected":false},"excerpt":{"rendered":"<p>Verific\u0103rile au fost solicitate de Prim\u0103ria Sectorului 2 dup\u0103 ce, \u00een urma reorganiz\u0103rii aparatului administrativ al institu\u021biei, a fost observat\u0103 o cre\u0219tere neobi\u0219nuit\u0103 a num\u0103rului de concedii medicale. \u201eRaportul rezultat &hellip; <a href=\"https:\/\/microscopemedia.com\/?p=681606\" class=\"more-link\">Read More<\/a><\/p>\n","protected":false},"author":1,"featured_media":681607,"comment_status":"closed","ping_status":"closed","sticky":false,"template":"Default","format":"standard","meta":[],"categories":[1],"tags":[],"_links":{"self":[{"href":"https:\/\/microscopemedia.com\/index.php?rest_route=\/wp\/v2\/posts\/681606"}],"collection":[{"href":"https:\/\/microscopemedia.com\/index.php?rest_route=\/wp\/v2\/posts"}],"about":[{"href":"https:\/\/microscopemedia.com\/index.php?rest_route=\/wp\/v2\/types\/post"}],"author":[{"embeddable":true,"href":"https:\/\/microscopemedia.com\/index.php?rest_route=\/wp\/v2\/users\/1"}],"replies":[{"embeddable":true,"href":"https:\/\/microscopemedia.com\/index.php?rest_route=%2Fwp%2Fv2%2Fcomments&post=681606"}],"version-history":[{"count":0,"href":"https:\/\/microscopemedia.com\/index.php?rest_route=\/wp\/v2\/posts\/681606\/revisions"}],"wp:featuredmedia":[{"embeddable":true,"href":"https:\/\/microscopemedia.com\/index.php?rest_route=\/wp\/v2\/media\/681607"}],"wp:attachment":[{"href":"https:\/\/microscopemedia.com\/index.php?rest_route=%2Fwp%2Fv2%2Fmedia&parent=681606"}],"wp:term":[{"taxonomy":"category","embeddable":true,"href":"https:\/\/microscopemedia.com\/index.php?rest_route=%2Fwp%2Fv2%2Fcategories&post=681606"},{"taxonomy":"post_tag","embeddable":true,"href":"https:\/\/microscopemedia.com\/index.php?rest_route=%2Fwp%2Fv2%2Ftags&post=681606"}],"curies":[{"name":"wp","href":"https:\/\/api.w.org\/{rel}","templated":true}]}}