{"id":681620,"date":"2026-03-13T11:16:04","date_gmt":"2026-03-13T11:16:04","guid":{"rendered":"https:\/\/microscopemedia.com\/?p=681620"},"modified":"2026-03-13T11:16:04","modified_gmt":"2026-03-13T11:16:04","slug":"g4media-hubert-thuma-lanseaza-un-avertisment-la-adresa-premierului-ilie-bolojan-pe-fondul-tensiunilor-din-pnl-si-al-presiunilor-psd","status":"publish","type":"post","link":"https:\/\/microscopemedia.com\/?p=681620","title":{"rendered":"G4Media: Hubert Thuma lanseaz\u0103 un avertisment la adresa premierului Ilie Bolojan, pe fondul tensiunilor din PNL \u0219i al presiunilor PSD"},"content":{"rendered":"<div><img decoding=\"async\" src=\"https:\/\/microscopemedia.com\/wp-content\/uploads\/2026\/03\/g4media-hubert-thuma-lanseaza-un-avertisment-la-adresa-premierului-ilie-bolojan-pe-fondul-tensiunilor-din-pnl-si-al-presiunilor-psd.jpg\" class=\"ff-og-image-inserted\"><\/div>\n<p id=\"p-0\">Potrivit informa\u021biilor <a href=\"https:\/\/www.g4media.ro\/avertisment-la-adresa-lui-ilie-bolojan-postat-de-baronul-pnl-hubert-thuma-pe-un-grup-de-discutii-al-liberalilor-in-paralel-cu-presiunile-psd-pentru-inlocuirea-premierului-actiunile-pe-care.html\" target=\"_blank\" rel=\"noopener\">G4Media<\/a>, Hubert Thuma a postat mar\u021bi un mesaj pe grupul de discu\u021bii al \u0219efilor de organiza\u021bii liberale. \u00cen el, \u00eel critic\u0103 pe premierul Ilie Bolojan pentru modul \u00een care ar fi fost tratat jude\u021bul Ilfov \u00een proiectul de buget.<\/p>\n<p id=\"p-1\">\u201e\u00cen urm\u0103 cu aproximativ 3 s\u0103pt\u0103m\u00e2ni, am avut o discu\u021bie cu premierul Ilie Bolojan, care mi-a promis c\u0103 vom avea o discu\u021bie, \u00eempreun\u0103 cu colegii no\u0219tri Ciprian Ciucu, George Tu\u021b\u0103 \u0219i Paul Moldovan, despre bugetul regiunii Bucure\u0219ti-Ilfov. Din p\u0103cate, aceast\u0103 discu\u021bie nu a mai avut loc. \u0218i \u00een\u021beleg c\u0103 ast\u0103zi Bugetul se va publica \u00een Monitorul Oficial. Iar Ilfovul, din nou, pare s\u0103 fie tratat cu dispre\u021b. Vreau s\u0103 v\u0103 asigur c\u0103 ac\u021biunile pe care le voi \u00eentreprinde \u00een perioada urm\u0103toare nu reprezint\u0103 altceva dec\u00e2t ap\u0103rarea intereselor \u0219i drepturilor celor 1 milion de oameni care locuiesc \u00een Ilfov. De asemenea, cred c\u0103 e bine s\u0103 ne amintim c\u0103 PNL nu \u00eenseamn\u0103 numai Bucure\u0219ti. PNL are 1.150 de comunit\u0103\u021bi conduse de primari liberali \u0219i to\u021bi oamenii merit\u0103 respect \u0219i echitate\u201d, a transmis Hubert Thuma \u00een mesajul citat de G4Media.<\/p>\n<h2 id=\"chapter-0\">Tensiuni \u00een interiorul PNL<\/h2>\n<p id=\"p-2\">Hubert Thuma, pre\u0219edintele PNL Ilfov, este considerat unul dintre principalii contestatari ai lui Ilie Bolojan \u00een interiorul partidului. El controleaz\u0103 mai multe organiza\u021bii liberale \u0219i are sus\u021binere \u00een r\u00e2ndul unor parlamentari. De asemenea, Thuma se afl\u0103 \u00eentr-un conflict politic cu Ciprian Ciucu, primarul Bucure\u0219tiului sus\u021binut de Ilie Bolojan. \u201eHubert Thuma \u00ee\u0219i coordoneaz\u0103 mi\u0219c\u0103rile politice cu liderii PSD, iar \u021binta este debarcarea lui Ilie Bolojan\u201d, a declarat un lider PNL pentru G4Media.<\/p>\n<p id=\"p-3\">Mesajul lui Thuma apare \u00een contextul presiunilor venite din partea PSD pentru \u00eenlocuirea lui Ilie Bolojan din func\u021bia de prim-ministru. Sorin Grindeanu a anun\u021bat recent c\u0103 PSD va organiza un referendum intern \u00een partid. Primarii social-democra\u021bi vor fi \u00eentreba\u021bi dac\u0103 \u00eel mai sus\u021bin pe Ilie Bolojan \u00een func\u021bia de premier. De asemenea, dac\u0103 mai doresc continuarea coali\u021biei de guvernare cu USR.<\/p>\n<p id=\"p-4\">\u00cen acela\u0219i timp, parlamentarii PSD au anun\u021bat c\u0103 vor depune mai multe amendamente la bugetul adoptat de Guvern pentru a promova m\u0103suri de protec\u021bie social\u0103.<\/p>\n<h2 id=\"chapter-1\">Cum ar putea fi schimbat premierul<\/h2>\n<p id=\"p-5\">Ilie Bolojan ar putea fi \u00eenlocuit din func\u021bia de prim-ministru fie prin adoptarea unei mo\u021biuni de cenzur\u0103, fie prin demisia din func\u021bie. Premierul a declarat \u00een repetate r\u00e2nduri c\u0103 va pleca dac\u0103 \u00ee\u0219i pierde sprijinul coali\u021biei de guvernare. \u00cen acest context, pre\u0219edintele Rom\u00e2niei, Nicu\u0219or Dan, a evitat s\u0103 se pronun\u021be ferm asupra tensiunilor politice.<\/p>\n<p id=\"p-6\">\u201eHaide\u021bi s\u0103 \u00eenchidem mai \u00eent\u00e2i <a href=\"https:\/\/www.mediafax.ro\/economic\/noile-masuri-ale-guvernului-pentru-incurajarea-investitiilor-si-masuri-mai-dure-de-protectie-in-fata-incendiilor-ceisd-devine-ceid-23702062\" target=\"_blank\" rel=\"noopener\">discu\u021bia cu bugetul<\/a> \u0219i, a\u0219a cum am spus de dou\u0103 ori mai devreme, aceast\u0103 discu\u021bie va fi \u00eenchis\u0103. Sunt decizii, sunt, cum s\u0103 spun, contradic\u021bii uneori la nivel personal \u00eentre oameni care trebuie s\u0103 ia decizii din partea partidelor din Coali\u021bie. E mult mai bine ca tipul acesta de decizii s\u0103 fie luat f\u0103r\u0103 o mare expunere public\u0103, tocmai pentru ca s\u0103 nu \u00eengrijoreze \u0219i societatea, \u0219i pie\u021bele financiare, de care \u2013 asta este situa\u021bia \u2013 depindem. \u0102sta este r\u0103spunsul meu. Mai departe, democratic, fiecare partid, fa\u021b\u0103 de chestiuni esen\u021biale din activitatea sa politic\u0103, este liber s\u0103 o fac\u0103. Dac\u0103 am putea cu mai pu\u021bine turbulen\u021be mediatice, ar fi mai bine\u201d, a declarat Nicu\u0219or Dan.<\/p>\n","protected":false},"excerpt":{"rendered":"<p>Potrivit informa\u021biilor G4Media, Hubert Thuma a postat mar\u021bi un mesaj pe grupul de discu\u021bii al \u0219efilor de organiza\u021bii liberale. \u00cen el, \u00eel critic\u0103 pe premierul Ilie Bolojan pentru modul \u00een &hellip; <a href=\"https:\/\/microscopemedia.com\/?p=681620\" class=\"more-link\">Read More<\/a><\/p>\n","protected":false},"author":1,"featured_media":681621,"comment_status":"closed","ping_status":"closed","sticky":false,"template":"Default","format":"standard","meta":[],"categories":[1],"tags":[],"_links":{"self":[{"href":"https:\/\/microscopemedia.com\/index.php?rest_route=\/wp\/v2\/posts\/681620"}],"collection":[{"href":"https:\/\/microscopemedia.com\/index.php?rest_route=\/wp\/v2\/posts"}],"about":[{"href":"https:\/\/microscopemedia.com\/index.php?rest_route=\/wp\/v2\/types\/post"}],"author":[{"embeddable":true,"href":"https:\/\/microscopemedia.com\/index.php?rest_route=\/wp\/v2\/users\/1"}],"replies":[{"embeddable":true,"href":"https:\/\/microscopemedia.com\/index.php?rest_route=%2Fwp%2Fv2%2Fcomments&post=681620"}],"version-history":[{"count":0,"href":"https:\/\/microscopemedia.com\/index.php?rest_route=\/wp\/v2\/posts\/681620\/revisions"}],"wp:featuredmedia":[{"embeddable":true,"href":"https:\/\/microscopemedia.com\/index.php?rest_route=\/wp\/v2\/media\/681621"}],"wp:attachment":[{"href":"https:\/\/microscopemedia.com\/index.php?rest_route=%2Fwp%2Fv2%2Fmedia&parent=681620"}],"wp:term":[{"taxonomy":"category","embeddable":true,"href":"https:\/\/microscopemedia.com\/index.php?rest_route=%2Fwp%2Fv2%2Fcategories&post=681620"},{"taxonomy":"post_tag","embeddable":true,"href":"https:\/\/microscopemedia.com\/index.php?rest_route=%2Fwp%2Fv2%2Ftags&post=681620"}],"curies":[{"name":"wp","href":"https:\/\/api.w.org\/{rel}","templated":true}]}}