{"id":681634,"date":"2026-03-13T12:36:03","date_gmt":"2026-03-13T12:36:03","guid":{"rendered":"https:\/\/microscopemedia.com\/?p=681634"},"modified":"2026-03-13T12:36:03","modified_gmt":"2026-03-13T12:36:03","slug":"un-atac-aerian-rusesc-a-ucis-trei-persoane-intr-un-autobuz-in-estul-ucrainei","status":"publish","type":"post","link":"https:\/\/microscopemedia.com\/?p=681634","title":{"rendered":"Un atac aerian rusesc a ucis trei persoane \u00eentr-un autobuz \u00een estul Ucrainei"},"content":{"rendered":"<div><img decoding=\"async\" src=\"https:\/\/microscopemedia.com\/wp-content\/uploads\/2026\/03\/un-atac-aerian-rusesc-a-ucis-trei-persoane-intr-un-autobuz-in-estul-ucrainei.jpg\" class=\"ff-og-image-inserted\"><\/div>\n<p id=\"p-0\">Un atac cu rachete ruse\u0219ti \u00een regiunea Harkov a ucis cel pu\u021bin trei persoane \u0219i a r\u0103nit alte patru, majoritatea aflate \u00eentr-un autobuz, au declarat vineri autorit\u0103\u021bile locale, potrivit <a href=\"https:\/\/www.lefigaro.fr\/international\/guerre-en-ukraine-une-frappe-russe-tue-trois-personnes-dans-un-bus-dans-l-est-20260313\" target=\"_blank\" rel=\"noopener\">Le Figaro<\/a>. \u201eTrei persoane au fost ucise \u00een atac: \u0219oferul autobuzului \u0219i doi pasageri\u201d, au anun\u021bat anchetatorii locali. \u201eAlte patru persoane, trei pasagere de autobuz \u0219i un rezident local, au fost r\u0103nite\u201d, potrivit aceleia\u0219i surse.<\/p>\n<p id=\"p-1\">Atacul a avut loc vineri diminea\u021b\u0103 \u00eentr-un sat din districtul Kupiansk. Anchetatorii au publicat imagini cu un autobuz ro\u0219u cu geamurile sparte. Cl\u0103dirile reziden\u021biale au fost, de asemenea, avariate, au spus ei. Regiunea Harkov, care se \u00eenvecineaz\u0103 cu Rusia, a fost par\u021bial ocupat\u0103 c\u00e2nd for\u021bele ruse\u0219ti au invadat \u021bara \u00een februarie 2022, dar a fost \u00een mare parte recucerit\u0103 de Ucraina c\u00e2teva luni mai t\u00e2rziu.<\/p>\n<p id=\"p-2\">Statele Unite au propus organizarea unei noi runde de negocieri \u00eentre Kiev \u0219i Moscova s\u0103pt\u0103m\u00e2na viitoare, mediat\u0103 de SUA, a anun\u021bat pre\u0219edintele ucrainean Volodimir Zelenski s\u0103pt\u0103m\u00e2na aceasta.<\/p>\n<p id=\"p-3\">La mijlocul lunii februarie, o nou\u0103 rund\u0103 de discu\u021bii a avut loc la Geneva \u00eentre ucraineni, ru\u0219i \u0219i americani, dar nu a reu\u0219it s\u0103 produc\u0103 un progres diplomatic pentru a pune cap\u0103t r\u0103zboiului, cel mai s\u00e2ngeros din Europa de la al Doilea R\u0103zboi Mondial \u00eencoace.<\/p>\n","protected":false},"excerpt":{"rendered":"<p>Un atac cu rachete ruse\u0219ti \u00een regiunea Harkov a ucis cel pu\u021bin trei persoane \u0219i a r\u0103nit alte patru, majoritatea aflate \u00eentr-un autobuz, au declarat vineri autorit\u0103\u021bile locale, potrivit Le &hellip; <a href=\"https:\/\/microscopemedia.com\/?p=681634\" class=\"more-link\">Read More<\/a><\/p>\n","protected":false},"author":1,"featured_media":681635,"comment_status":"closed","ping_status":"closed","sticky":false,"template":"Default","format":"standard","meta":[],"categories":[1],"tags":[],"_links":{"self":[{"href":"https:\/\/microscopemedia.com\/index.php?rest_route=\/wp\/v2\/posts\/681634"}],"collection":[{"href":"https:\/\/microscopemedia.com\/index.php?rest_route=\/wp\/v2\/posts"}],"about":[{"href":"https:\/\/microscopemedia.com\/index.php?rest_route=\/wp\/v2\/types\/post"}],"author":[{"embeddable":true,"href":"https:\/\/microscopemedia.com\/index.php?rest_route=\/wp\/v2\/users\/1"}],"replies":[{"embeddable":true,"href":"https:\/\/microscopemedia.com\/index.php?rest_route=%2Fwp%2Fv2%2Fcomments&post=681634"}],"version-history":[{"count":0,"href":"https:\/\/microscopemedia.com\/index.php?rest_route=\/wp\/v2\/posts\/681634\/revisions"}],"wp:featuredmedia":[{"embeddable":true,"href":"https:\/\/microscopemedia.com\/index.php?rest_route=\/wp\/v2\/media\/681635"}],"wp:attachment":[{"href":"https:\/\/microscopemedia.com\/index.php?rest_route=%2Fwp%2Fv2%2Fmedia&parent=681634"}],"wp:term":[{"taxonomy":"category","embeddable":true,"href":"https:\/\/microscopemedia.com\/index.php?rest_route=%2Fwp%2Fv2%2Fcategories&post=681634"},{"taxonomy":"post_tag","embeddable":true,"href":"https:\/\/microscopemedia.com\/index.php?rest_route=%2Fwp%2Fv2%2Ftags&post=681634"}],"curies":[{"name":"wp","href":"https:\/\/api.w.org\/{rel}","templated":true}]}}