{"id":681638,"date":"2026-03-13T13:06:04","date_gmt":"2026-03-13T13:06:04","guid":{"rendered":"https:\/\/microscopemedia.com\/?p=681638"},"modified":"2026-03-13T13:06:04","modified_gmt":"2026-03-13T13:06:04","slug":"ue-acorda-industriei-camioanelor-mai-mult-timp-pentru-reducerea-emisiilor","status":"publish","type":"post","link":"https:\/\/microscopemedia.com\/?p=681638","title":{"rendered":"UE acord\u0103 industriei camioanelor mai mult timp pentru reducerea emisiilor"},"content":{"rendered":"<div><img decoding=\"async\" src=\"https:\/\/microscopemedia.com\/wp-content\/uploads\/2026\/03\/ue-acorda-industriei-camioanelor-mai-mult-timp-pentru-reducerea-emisiilor.jpg\" class=\"ff-og-image-inserted\"><\/div>\n<p id=\"p-0\"><a href=\"https:\/\/www.europarl.europa.eu\/doceo\/document\/TA-10-2026-0084_EN.html\" target=\"_blank\" rel=\"noopener\">Decizia<\/a> a fost adoptat\u0103 joi \u00een prim\u0103 lectur\u0103 \u0219i modific\u0103 regulamentul european care stabile\u0219te standardele de emisii pentru camioane \u0219i alte vehicule grele. Scopul este \u00eenlesnirea respect\u0103rii obiectivelor climatice, \u00een condi\u021biile \u00een care infrastructura de \u00eenc\u0103rcare pentru camioanele electrice nu se dezvolt\u0103 suficient de rapid \u00een Europa.<\/p>\n<h2 id=\"chapter-0\">Cum se schimb\u0103 regulile<\/h2>\n<p id=\"p-1\">Potrivit noilor reguli, produc\u0103torii de camioane vor putea genera mai u\u0219or \u201ecredite de emisii\u201d \u00een perioada de raportare 2025-2029 dac\u0103 emisiile reale ale vehiculelor lor sunt sub nivelul \u021bintelor stabilite. Aceste credite func\u021bioneaz\u0103 ca un mecanism de flexibilitate: ele pot compensa emisiile mai ridicate ale altor modele \u0219i \u00eei ajut\u0103 pe produc\u0103tori s\u0103 r\u0103m\u00e2n\u0103 \u00een limitele impuse de legisla\u021bia european\u0103.<\/p>\n<p id=\"p-2\">Anterior, calculul era raportat la o traiectorie de reducere mai strict\u0103. Noul sistem permite acumularea acestor credite dac\u0103 emisiile sunt sub \u021binta specific\u0103, ceea ce ofer\u0103 companiilor o marj\u0103 mai mare de adaptare \u00een anii dinaintea obiectivelor mai dure din 2030.<\/p>\n<h2 id=\"chapter-1\">De ce a fost nevoie de aceast\u0103 modificare<\/h2>\n<p id=\"p-3\">Parlamentul European a argumentat c\u0103 infrastructura de \u00eenc\u0103rcare pentru camioane electrice pe autostr\u0103zi este \u00eenc\u0103 insuficient\u0103 \u00een multe state membre. \u00cen aceste condi\u021bii, produc\u0103torii \u0219i transportatorii ar putea \u00eent\u00e2mpina dificult\u0103\u021bi \u00een tranzi\u021bia rapid\u0103 c\u0103tre vehicule cu emisii zero.<\/p>\n<p id=\"p-4\">Modificarea permite industriei s\u0103 genereze mai multe credite de emisii \u00eenainte de 2030, ceea ce ar putea \u00eencuraja lansarea mai devreme a camioanelor cu emisii reduse sau zero, f\u0103r\u0103 a penaliza companiile \u00een perioada de tranzi\u021bie.<\/p>\n<h2 id=\"chapter-2\">Obiectivele climatice ale UE r\u0103m\u00e2n neschimbate<\/h2>\n<p id=\"p-5\">Chiar dac\u0103 mecanismul ofer\u0103 mai mult\u0103 flexibilitate, \u021bintele de reducere a emisiilor nu sunt modificate. Regulamentul privind vehiculele grele face parte din strategia Uniunii de a reduce emisiile nete de gaze cu efect de ser\u0103 cu cel pu\u021bin 55% p\u00e2n\u0103 \u00een 2030 fa\u021b\u0103 de nivelurile din 1990 \u0219i de a ajunge la neutralitate climatic\u0103 p\u00e2n\u0103 \u00een 2050.<\/p>\n<h2 id=\"chapter-3\">Ce vehicule nu sunt vizate<\/h2>\n<p id=\"p-6\">Noile reguli nu se aplic\u0103 autobuzelor urbane, deoarece electrificarea acestora este deja \u00eentr-un stadiu avansat, iar utilizarea lor nu depinde de infrastructura de \u00eenc\u0103rcare de pe autostr\u0103zi.<\/p>\n<h2 id=\"chapter-4\">Ce urmeaz\u0103<\/h2>\n<p id=\"p-7\">Dup\u0103 pozi\u021bia adoptat\u0103 de Parlamentul European, regulamentul trebuie finalizat \u00een cadrul procedurii legislative cu Consiliul Uniunii Europene. Odat\u0103 publicat \u00een Jurnalul Oficial al UE, actul va intra \u00een vigoare la 20 de zile dup\u0103 publicare \u0219i va fi aplicabil direct \u00een toate statele membre.<\/p>\n<p id=\"p-8\">Pentru industria transporturilor, modificarea \u00eenseamn\u0103 o tranzi\u021bie mai gradual\u0103 c\u0103tre camioane cu emisii reduse \u00een urm\u0103torii ani, f\u0103r\u0103 schimbarea obiectivelor climatice pe termen lung ale Uniunii.<\/p>\n","protected":false},"excerpt":{"rendered":"<p>Decizia a fost adoptat\u0103 joi \u00een prim\u0103 lectur\u0103 \u0219i modific\u0103 regulamentul european care stabile\u0219te standardele de emisii pentru camioane \u0219i alte vehicule grele. Scopul este \u00eenlesnirea respect\u0103rii obiectivelor climatice, \u00een &hellip; <a href=\"https:\/\/microscopemedia.com\/?p=681638\" class=\"more-link\">Read More<\/a><\/p>\n","protected":false},"author":1,"featured_media":681639,"comment_status":"closed","ping_status":"closed","sticky":false,"template":"Default","format":"standard","meta":[],"categories":[1],"tags":[],"_links":{"self":[{"href":"https:\/\/microscopemedia.com\/index.php?rest_route=\/wp\/v2\/posts\/681638"}],"collection":[{"href":"https:\/\/microscopemedia.com\/index.php?rest_route=\/wp\/v2\/posts"}],"about":[{"href":"https:\/\/microscopemedia.com\/index.php?rest_route=\/wp\/v2\/types\/post"}],"author":[{"embeddable":true,"href":"https:\/\/microscopemedia.com\/index.php?rest_route=\/wp\/v2\/users\/1"}],"replies":[{"embeddable":true,"href":"https:\/\/microscopemedia.com\/index.php?rest_route=%2Fwp%2Fv2%2Fcomments&post=681638"}],"version-history":[{"count":0,"href":"https:\/\/microscopemedia.com\/index.php?rest_route=\/wp\/v2\/posts\/681638\/revisions"}],"wp:featuredmedia":[{"embeddable":true,"href":"https:\/\/microscopemedia.com\/index.php?rest_route=\/wp\/v2\/media\/681639"}],"wp:attachment":[{"href":"https:\/\/microscopemedia.com\/index.php?rest_route=%2Fwp%2Fv2%2Fmedia&parent=681638"}],"wp:term":[{"taxonomy":"category","embeddable":true,"href":"https:\/\/microscopemedia.com\/index.php?rest_route=%2Fwp%2Fv2%2Fcategories&post=681638"},{"taxonomy":"post_tag","embeddable":true,"href":"https:\/\/microscopemedia.com\/index.php?rest_route=%2Fwp%2Fv2%2Ftags&post=681638"}],"curies":[{"name":"wp","href":"https:\/\/api.w.org\/{rel}","templated":true}]}}