{"id":681644,"date":"2026-03-13T13:46:03","date_gmt":"2026-03-13T13:46:03","guid":{"rendered":"https:\/\/microscopemedia.com\/?p=681644"},"modified":"2026-03-13T13:46:03","modified_gmt":"2026-03-13T13:46:03","slug":"ft-franta-si-italia-poarta-discutii-cu-iranul-pentru-trecerea-navelor-prin-stramtoarea-ormuz","status":"publish","type":"post","link":"https:\/\/microscopemedia.com\/?p=681644","title":{"rendered":"FT: Fran\u021ba \u0219i Italia poart\u0103 discu\u021bii cu Iranul pentru trecerea navelor prin Str\u00e2mtoarea Ormuz"},"content":{"rendered":"<div><img decoding=\"async\" src=\"https:\/\/microscopemedia.com\/wp-content\/uploads\/2026\/03\/ft-franta-si-italia-poarta-discutii-cu-iranul-pentru-trecerea-navelor-prin-stramtoarea-ormuz.jpg\" class=\"ff-og-image-inserted\"><\/div>\n<p id=\"p-0\">Transportul prin Str\u00e2mtoarea Ormuz, prin care trece \u00een mod normal aproximativ o cincime din petrolul \u0219i gazele naturale lichefiate la nivel mondial, este \u00een prezent aproape blocat \u00een contextul <a href=\"https:\/\/www.mediafax.ro\/externe\/razboi-in-orientul-mijlociu-ziua-14-un-avion-cisterna-al-sua-s-a-prabusit-in-irak-sua-le-permite-tarilor-sa-cumpere-petrol-rusesc-timp-de-o-luna-macron-a-condamnat-atacul-asupra-bazei-militare-23702124\">r\u0103zboiului din Orientul Mijlociu<\/a>.<\/p>\n<p id=\"p-1\"><a href=\"https:\/\/www.mediafax.ro\/stirile-zilei\/noul-lider-al-iranului-da-primul-mesaj-jura-sa-tina-stramtoarea-ormuz-inchisa-si-ameninta-bazele-sua-din-orient-ce-mai-transmite-23701835\">Noul lider suprem al Iranului<\/a> a promis c\u0103 va men\u021bine str\u00e2mtoarea \u00eenchis\u0103.<\/p>\n<h2 id=\"chapter-0\">Europa \u00eencearc\u0103 reluarea transporturilor prin Str\u00e2mtoarea Ormuz<\/h2>\n<p id=\"p-2\">Capitalele europene au \u00eenceput aceste discu\u021bii preliminare \u00een \u00eencercarea de a relua exporturile de petrol \u0219i gaze f\u0103r\u0103 a extinde conflictul, au declarat pentru <a href=\"https:\/\/www.ft.com\/content\/96b8e0a4-9ecb-4e07-a96d-7debcfe3bfa6\">Financial Times<\/a> trei oficiali informa\u021bi despre negocieri,<\/p>\n<p id=\"p-3\">Fran\u021ba se num\u0103r\u0103 printre \u021b\u0103rile implicate \u00een aceste discu\u021bii, au spus doi dintre oficiali. De asemenea, Italia ar fi \u00eencercat s\u0103 poarte discu\u021bii cu Teheranul pe aceast\u0103 tem\u0103.<\/p>\n<p id=\"p-4\">Oficialii au avertizat \u00eens\u0103 c\u0103 nu exist\u0103 nicio garan\u021bie c\u0103 discu\u021biile vor avansa sau c\u0103 Iranul este dispus s\u0103 negocieze.<\/p>\n<p id=\"p-5\">Teheranul este suspectat c\u0103 \u00eencearc\u0103 s\u0103 creasc\u0103 pre\u021burile petrolului \u0219i gazelor naturale pentru a pune presiune pe pre\u0219edintele american Donald Trump s\u0103 \u00eencheie conflictul, iar noul lider suprem al Iranului, Mojtaba Khamenei, a promis joi c\u0103 va continua blocarea str\u00e2mtorii.<\/p>\n<p id=\"p-6\">Statele europene au \u00eencercat p\u00e2n\u0103 acum s\u0103 evite orice implicare direct\u0103 \u00een conflict, iar unele au criticat atacul Statelor Unite \u0219i al Israelului care a declan\u0219at r\u0103zboiul regional.<\/p>\n<h2 id=\"chapter-1\">Temeri privind scumpirea energiei<\/h2>\n<p id=\"p-7\">Guvernele europene sunt \u00eengrijorate c\u0103 o blocare prelungit\u0103 a Str\u00e2mtorii Ormuz ar putea duce la cre\u0219terea puternic\u0103 a pre\u021burilor la energie pentru companii \u0219i popula\u021bie, agrav\u00e2nd problemele economice ale continentului \u0219i pun\u00e2nd presiune suplimentar\u0103 pe bugetele statelor.<\/p>\n<p id=\"p-8\">Pre\u021bul petrolului a urcat la aproximativ 100 de dolari pe baril, de la aproape 60 de dolari la \u00eenceputul anului. \u00cen aceea\u0219i perioad\u0103, pre\u021burile gazelor naturale \u00een Europa au crescut cu aproximativ 75%.<\/p>\n<p id=\"p-9\">Pre\u0219edintele Fran\u021bei, Emmanuel Macron, a declarat \u00een aceast\u0103 s\u0103pt\u0103m\u00e2n\u0103 c\u0103 Fran\u021ba ar putea participa la escortarea navelor dac\u0103 tensiunile din regiune se vor reduce.<\/p>\n<p id=\"p-10\">Un purt\u0103tor de cuv\u00e2nt al Palatului \u00c9lys\u00e9e a amintit c\u0103 Macron a discutat s\u0103pt\u0103m\u00e2na trecut\u0103 cu pre\u0219edintele iranian Masoud Pezeshkian \u0219i i-a transmis c\u0103 Teheranul \u201etrebuie s\u0103 garanteze libertatea naviga\u021biei pentru a pune cap\u0103t \u00eenchiderii Str\u00e2mtorii Ormuz\u201d.<\/p>\n","protected":false},"excerpt":{"rendered":"<p>Transportul prin Str\u00e2mtoarea Ormuz, prin care trece \u00een mod normal aproximativ o cincime din petrolul \u0219i gazele naturale lichefiate la nivel mondial, este \u00een prezent aproape blocat \u00een contextul r\u0103zboiului &hellip; <a href=\"https:\/\/microscopemedia.com\/?p=681644\" class=\"more-link\">Read More<\/a><\/p>\n","protected":false},"author":1,"featured_media":681645,"comment_status":"closed","ping_status":"closed","sticky":false,"template":"Default","format":"standard","meta":[],"categories":[1],"tags":[],"_links":{"self":[{"href":"https:\/\/microscopemedia.com\/index.php?rest_route=\/wp\/v2\/posts\/681644"}],"collection":[{"href":"https:\/\/microscopemedia.com\/index.php?rest_route=\/wp\/v2\/posts"}],"about":[{"href":"https:\/\/microscopemedia.com\/index.php?rest_route=\/wp\/v2\/types\/post"}],"author":[{"embeddable":true,"href":"https:\/\/microscopemedia.com\/index.php?rest_route=\/wp\/v2\/users\/1"}],"replies":[{"embeddable":true,"href":"https:\/\/microscopemedia.com\/index.php?rest_route=%2Fwp%2Fv2%2Fcomments&post=681644"}],"version-history":[{"count":0,"href":"https:\/\/microscopemedia.com\/index.php?rest_route=\/wp\/v2\/posts\/681644\/revisions"}],"wp:featuredmedia":[{"embeddable":true,"href":"https:\/\/microscopemedia.com\/index.php?rest_route=\/wp\/v2\/media\/681645"}],"wp:attachment":[{"href":"https:\/\/microscopemedia.com\/index.php?rest_route=%2Fwp%2Fv2%2Fmedia&parent=681644"}],"wp:term":[{"taxonomy":"category","embeddable":true,"href":"https:\/\/microscopemedia.com\/index.php?rest_route=%2Fwp%2Fv2%2Fcategories&post=681644"},{"taxonomy":"post_tag","embeddable":true,"href":"https:\/\/microscopemedia.com\/index.php?rest_route=%2Fwp%2Fv2%2Ftags&post=681644"}],"curies":[{"name":"wp","href":"https:\/\/api.w.org\/{rel}","templated":true}]}}