{"id":681648,"date":"2026-03-13T14:06:03","date_gmt":"2026-03-13T14:06:03","guid":{"rendered":"https:\/\/microscopemedia.com\/?p=681648"},"modified":"2026-03-13T14:06:03","modified_gmt":"2026-03-13T14:06:03","slug":"benq-lanseaza-noile-monitoare-ma270s-si-ma320ug-din-seria-ma-optimizate-pentru-utilizatorii-de-mac","status":"publish","type":"post","link":"https:\/\/microscopemedia.com\/?p=681648","title":{"rendered":"BenQ lanseaz\u0103 noile monitoare MA270S \u0219i MA320UG din seria MA, optimizate pentru utilizatorii de Mac"},"content":{"rendered":"<div><img decoding=\"async\" src=\"https:\/\/microscopemedia.com\/wp-content\/uploads\/2026\/03\/benq-lanseaza-noile-monitoare-ma270s-si-ma320ug-din-seria-ma-optimizate-pentru-utilizatorii-de-mac.jpg\" class=\"ff-og-image-inserted\"><\/div>\n<p id=\"p-0\">Seria MA este destinat\u0103 utilizatorilor care \u00ee\u0219i doresc mai mult dec\u00e2t un monitor compatibil cu Mac, oferind culori calibrate pentru Mac, mi\u0219care mai fluid\u0103 \u0219i o integrare natural\u0103 \u00een ecosistemul Apple, astfel \u00eenc\u00e2t creatorii \u0219i profesioni\u0219tii s\u0103 \u00ee\u0219i poat\u0103 extinde spa\u021biul de lucru f\u0103r\u0103 compromisuri.<\/p>\n<p id=\"p-1\"><strong>MA270S: claritate 5K pentru designeri \u0219i creatori de con\u021binut<\/strong><\/p>\n<p id=\"p-2\">Modelul MA270S este echipat cu un panou de 27 inch cu rezolu\u021bie 5K (5120\u00d72880) \u0219i o densitate de 218 ppi, oferind o claritate extrem de ridicat\u0103 pentru profesioni\u0219tii care lucreaz\u0103 cu detalii fine, precum designeri grafici, fotografi sau editori video.<\/p>\n<p id=\"p-3\">Monitorul acoper\u0103 99% din spa\u021biul de culoare P3 \u0219i ofer\u0103 un contrast de 2000:1, reproduc\u00e2nd tonuri bogate \u0219i naturale, apropiate de experien\u021ba vizual\u0103 specific\u0103 dispozitivelor Mac. Astfel, utilizatorii beneficiaz\u0103 de o reprezentare fidel\u0103 a culorilor, esen\u021bial\u0103 \u00een proiectele creative unde acurate\u021bea cromatic\u0103 este critic\u0103.<\/p>\n<p id=\"p-4\">Cite\u015fte comunicatul integral <a href=\"https:\/\/comunicate.mediafax.biz\/Pages\/Public\/Comunicate.aspx?comunicatId=21726\">AICI<\/a><\/p>\n","protected":false},"excerpt":{"rendered":"<p>Seria MA este destinat\u0103 utilizatorilor care \u00ee\u0219i doresc mai mult dec\u00e2t un monitor compatibil cu Mac, oferind culori calibrate pentru Mac, mi\u0219care mai fluid\u0103 \u0219i o integrare natural\u0103 \u00een ecosistemul &hellip; <a href=\"https:\/\/microscopemedia.com\/?p=681648\" class=\"more-link\">Read More<\/a><\/p>\n","protected":false},"author":1,"featured_media":681649,"comment_status":"closed","ping_status":"closed","sticky":false,"template":"Default","format":"standard","meta":[],"categories":[1],"tags":[],"_links":{"self":[{"href":"https:\/\/microscopemedia.com\/index.php?rest_route=\/wp\/v2\/posts\/681648"}],"collection":[{"href":"https:\/\/microscopemedia.com\/index.php?rest_route=\/wp\/v2\/posts"}],"about":[{"href":"https:\/\/microscopemedia.com\/index.php?rest_route=\/wp\/v2\/types\/post"}],"author":[{"embeddable":true,"href":"https:\/\/microscopemedia.com\/index.php?rest_route=\/wp\/v2\/users\/1"}],"replies":[{"embeddable":true,"href":"https:\/\/microscopemedia.com\/index.php?rest_route=%2Fwp%2Fv2%2Fcomments&post=681648"}],"version-history":[{"count":0,"href":"https:\/\/microscopemedia.com\/index.php?rest_route=\/wp\/v2\/posts\/681648\/revisions"}],"wp:featuredmedia":[{"embeddable":true,"href":"https:\/\/microscopemedia.com\/index.php?rest_route=\/wp\/v2\/media\/681649"}],"wp:attachment":[{"href":"https:\/\/microscopemedia.com\/index.php?rest_route=%2Fwp%2Fv2%2Fmedia&parent=681648"}],"wp:term":[{"taxonomy":"category","embeddable":true,"href":"https:\/\/microscopemedia.com\/index.php?rest_route=%2Fwp%2Fv2%2Fcategories&post=681648"},{"taxonomy":"post_tag","embeddable":true,"href":"https:\/\/microscopemedia.com\/index.php?rest_route=%2Fwp%2Fv2%2Ftags&post=681648"}],"curies":[{"name":"wp","href":"https:\/\/api.w.org\/{rel}","templated":true}]}}