{"id":681652,"date":"2026-03-13T14:26:04","date_gmt":"2026-03-13T14:26:04","guid":{"rendered":"https:\/\/microscopemedia.com\/?p=681652"},"modified":"2026-03-13T14:26:04","modified_gmt":"2026-03-13T14:26:04","slug":"politia-olandeza-a-arestat-patru-tineri-dupa-un-incendiu-la-o-sinagoga-din-rotterdam","status":"publish","type":"post","link":"https:\/\/microscopemedia.com\/?p=681652","title":{"rendered":"Poli\u021bia olandez\u0103 a arestat patru tineri dup\u0103 un incendiu la o sinagog\u0103 din Rotterdam"},"content":{"rendered":"<div><img decoding=\"async\" src=\"https:\/\/microscopemedia.com\/wp-content\/uploads\/2026\/03\/politia-olandeza-a-arestat-patru-tineri-dupa-un-incendiu-la-o-sinagoga-din-rotterdam.jpg\" class=\"ff-og-image-inserted\"><\/div>\n<p id=\"p-0\">\u201ePoli\u021bia a analizat imediat imaginile de pe camerele de supraveghere \u0219i a c\u0103utat autorii \u00een zona din jur. Sinagogile din apropiere au fost, de asemenea, monitorizate pentru a preveni orice alte incidente\u201d, a transmis poli\u021bia olandez\u0103 \u00eentr-un comunicat, conform <a href=\"https:\/\/www.timesofisrael.com\/liveblog_entry\/four-arrested-on-suspicion-of-detonating-explosive-outside-rotterdam-synagogue\/\" target=\"_blank\" rel=\"noopener\">The Times of Israel<\/a>.<\/p>\n<p id=\"p-1\">Patru persoane aflate \u00eentr-un vehicul care a atras aten\u021bia din cauza \u201econducerii haotice\u201d au fost arestate \u00een timp ce se aflau \u00een apropierea unei alte sinagogi din ora\u0219.<\/p>\n<p id=\"p-2\">Doi dintre suspec\u021bi au 19 ani, unul are 18 ani, iar al patrulea 17 ani, potrivit poli\u021biei, care nu a precizat deocamdat\u0103 un posibil motiv.<\/p>\n<p id=\"p-3\">Autorit\u0103\u021bile au anun\u021bat c\u0103 lanseaz\u0103 \u201eo anchet\u0103 de amploare privind acest incident grav\u201d \u0219i au f\u0103cut apel la martori s\u0103 ofere informa\u021bii.<\/p>\n<p id=\"p-4\">Ministrul olandez al Justi\u021biei, David van Weel, a declarat c\u0103 atacul este \u201eo veste teribil\u0103\u201d.<\/p>\n<p id=\"p-5\">\u201eNu vom tolera antisemitismul, intimidarea \u0219i violen\u021ba. Autorit\u0103\u021bile locale se asigur\u0103 c\u0103 sinagogile sunt \u00een siguran\u021b\u0103\u201d, a scris el pe X.<\/p>\n<p id=\"p-6\">Ministrul \u0219i-a exprimat solidaritatea cu comunitatea evreiasc\u0103 din \u021a\u0103rile de Jos, ad\u0103ug\u00e2nd: \u201eEi trebuie s\u0103 se simt\u0103 \u00een siguran\u021b\u0103 \u00een Olanda\u201d.<\/p>\n<p id=\"p-7\">Primarul ora\u0219ului Rotterdam, Carola Schouten, a spus c\u0103 atacul a provocat \u201emult\u0103 team\u0103 \u00een r\u00e2ndul concet\u0103\u021benilor no\u0219tri evrei\u201d.<\/p>\n<p id=\"p-8\">\u201eNu exist\u0103 loc pentru antisemitism, intimidare, violen\u021b\u0103 sau ur\u0103 fa\u021b\u0103 de comunit\u0103\u021bile religioase \u00een ora\u0219ul nostru\u201d, a ad\u0103ugat ea.<\/p>\n<p id=\"p-9\">Pre\u0219edintele sinagogii, Chris den Hoedt, a declarat pentru postul public NOS c\u0103 atacul a fost \u201e\u0219ocant, dar nu neap\u0103rat nea\u0219teptat\u201d.<\/p>\n<p id=\"p-10\">\u201eEste vorba de pagube materiale\u201d, a spus el, ar\u0103t\u00e2nd u\u0219ile arse ale cl\u0103dirii.<\/p>\n<p id=\"p-11\">\u201eDar pagubele emo\u021bionale resim\u021bite de comunitatea noastr\u0103 sunt mai mari \u0219i vor dura mai mult. Putem repara asta (u\u0219a \u2013 n.r.), dar nu \u0219i restul\u201d, a ad\u0103ugat el.<\/p>\n","protected":false},"excerpt":{"rendered":"<p>\u201ePoli\u021bia a analizat imediat imaginile de pe camerele de supraveghere \u0219i a c\u0103utat autorii \u00een zona din jur. Sinagogile din apropiere au fost, de asemenea, monitorizate pentru a preveni orice &hellip; <a href=\"https:\/\/microscopemedia.com\/?p=681652\" class=\"more-link\">Read More<\/a><\/p>\n","protected":false},"author":1,"featured_media":681653,"comment_status":"closed","ping_status":"closed","sticky":false,"template":"Default","format":"standard","meta":[],"categories":[1],"tags":[],"_links":{"self":[{"href":"https:\/\/microscopemedia.com\/index.php?rest_route=\/wp\/v2\/posts\/681652"}],"collection":[{"href":"https:\/\/microscopemedia.com\/index.php?rest_route=\/wp\/v2\/posts"}],"about":[{"href":"https:\/\/microscopemedia.com\/index.php?rest_route=\/wp\/v2\/types\/post"}],"author":[{"embeddable":true,"href":"https:\/\/microscopemedia.com\/index.php?rest_route=\/wp\/v2\/users\/1"}],"replies":[{"embeddable":true,"href":"https:\/\/microscopemedia.com\/index.php?rest_route=%2Fwp%2Fv2%2Fcomments&post=681652"}],"version-history":[{"count":0,"href":"https:\/\/microscopemedia.com\/index.php?rest_route=\/wp\/v2\/posts\/681652\/revisions"}],"wp:featuredmedia":[{"embeddable":true,"href":"https:\/\/microscopemedia.com\/index.php?rest_route=\/wp\/v2\/media\/681653"}],"wp:attachment":[{"href":"https:\/\/microscopemedia.com\/index.php?rest_route=%2Fwp%2Fv2%2Fmedia&parent=681652"}],"wp:term":[{"taxonomy":"category","embeddable":true,"href":"https:\/\/microscopemedia.com\/index.php?rest_route=%2Fwp%2Fv2%2Fcategories&post=681652"},{"taxonomy":"post_tag","embeddable":true,"href":"https:\/\/microscopemedia.com\/index.php?rest_route=%2Fwp%2Fv2%2Ftags&post=681652"}],"curies":[{"name":"wp","href":"https:\/\/api.w.org\/{rel}","templated":true}]}}