{"id":681658,"date":"2026-03-13T14:56:04","date_gmt":"2026-03-13T14:56:04","guid":{"rendered":"https:\/\/microscopemedia.com\/?p=681658"},"modified":"2026-03-13T14:56:04","modified_gmt":"2026-03-13T14:56:04","slug":"tensiuni-la-universitatea-din-bucuresti-mai-multe-cadre-universitare-avertizeaza-asupra-pericolului-desfiintarii-unor-programe-din-cadrul-universitatii-unele-considerate-unice","status":"publish","type":"post","link":"https:\/\/microscopemedia.com\/?p=681658","title":{"rendered":"Tensiuni la Universitatea din Bucure\u0219ti: mai multe cadre universitare avertizeaz\u0103 asupra pericolului desfiin\u021b\u0103rii unor programe din cadrul universit\u0103\u021bii, unele considerate unice"},"content":{"rendered":"<div><img decoding=\"async\" src=\"https:\/\/microscopemedia.com\/wp-content\/uploads\/2026\/03\/tensiuni-la-universitatea-din-bucuresti-mai-multe-cadre-universitare-avertizeaza-asupra-pericolului-desfiintarii-unor-programe-din-cadrul-universitatii-unele-considerate-unice.jpg\" class=\"ff-og-image-inserted\"><\/div>\n<p id=\"p-0\">Cadre didactice de la Universitatea din Bucure\u0219ti avertizeaz\u0103 c\u0103 o decizie a conducerii institu\u021biei ar putea pune \u00een pericol existen\u021ba mai multor programe de studii de licen\u021b\u0103 \u0219i <a href=\"https:\/\/www.mediafax.ro\/social\/drept-la-replica-program-de-master-unic-in-romania-eliminat-abuziv-la-universitatea-din-bucuresti-candidatii-admisi-reactioneaza-la-replica-rectoratului-23620770\">masterat<\/a>, unele dintre ele considerate unice \u00een Rom\u00e2nia.<\/p>\n<p id=\"p-1\">Profesorii solicit\u0103 revizuirea m\u0103surii \u0219i au anun\u021bat organizarea unei conferin\u021be de pres\u0103 pe 17 martie.<\/p>\n<p id=\"p-2\">Decizia adoptat\u0103 de Consiliul de Administra\u021bie al universit\u0103\u021bii la 24 noiembrie 2025, intitulat\u0103 \u201ePrincipii privind organizarea programelor de studii pentru a asigura eficien\u021ba \u0219i sustenabilitatea acestora\u201d, ar putea afecta pe termen mediu \u0219i lung structura unor domenii academice, se arat\u0103 \u00eentr-un comunicat de pres\u0103 al institu\u021biei.<\/p>\n<h2 id=\"chapter-0\">Deciziile de desfiin\u021bare sau reducere a unor programe au consecin\u021be grave asupra dinamicii actului educa\u021bional<\/h2>\n<p id=\"p-3\">Cadrele didactice sus\u021bin c\u0103 aplicarea acestor principii ar putea duce la dispari\u021bia unor programe acreditate de ARACIS \u0219i recunoscute pentru performan\u021ba lor academic\u0103.<\/p>\n<p id=\"p-4\">Semnatarii comunicatului afirm\u0103 c\u0103 m\u0103sura ar putea avea consecin\u021be \u0219i asupra personalului universitar.<\/p>\n<p id=\"p-5\">\u00cen opinia lor, reducerea sau desfiin\u021barea unor programe ar face dificil\u0103 constituirea normelor didactice ale titularilor, ceea ce ar putea duce \u00een timp la disponibiliz\u0103ri \u0219i la \u00eencetarea colabor\u0103rilor cu speciali\u0219ti din \u021bar\u0103 \u0219i din str\u0103in\u0103tate implica\u021bi \u00een activitatea universit\u0103\u021bii.<\/p>\n<h2 id=\"chapter-1\">Programele de studiu ale universit\u0103\u021bii sunt \u201eun patrimoniu imaterial\u201d<\/h2>\n<p id=\"p-6\">Profesorii subliniaz\u0103 c\u0103 programele de studiu ale universit\u0103\u021bii reprezint\u0103 \u201eun patrimoniu imaterial\u201d construit de-a lungul mai multor genera\u021bii de cadre didactice \u0219i studen\u021bi \u0219i consider\u0103 c\u0103 acesta nu ar trebui afectat de decizii motivate exclusiv de considerente financiare.<\/p>\n<p id=\"p-7\">\u00cen acest context, o parte dintre cadrele didactice au \u00eenaintat luni, 9 martie, un memoriu colectiv conducerii universit\u0103\u021bii.<\/p>\n<p id=\"p-8\">De asemenea, \u00een luna februarie, Consiliul Facult\u0103\u021bii de Limbi \u0219i Literaturi Str\u0103ine a transmis un memoriu de protest c\u0103tre Consiliul de Administra\u021bie, exprim\u00e2ndu-\u0219i \u00eengrijorarea fa\u021b\u0103 de efectele aceleia\u0219i decizii.<\/p>\n<h2 id=\"chapter-2\">Dezbatere public\u0103 pe tema programelor de studii din cadrul universit\u0103\u021bii<\/h2>\n<p id=\"p-9\">Ini\u021biatorii demersului atrag \u00een mod public aten\u021bia asupra situa\u021biei \u0219i deschid o dezbatere public\u0103 privind viitorul programelor de studii din cadrul universit\u0103\u021bii.<\/p>\n<p id=\"p-10\">\u00cen acest scop, grupul de ini\u021biativ\u0103 \u00eempotriva deciziei Consiliului de Administra\u021bie a anun\u021bat organizarea unei conferin\u021be de pres\u0103 mar\u021bi, 17 martie, de la ora 14:00, la sala <em>Amfiteatru<\/em> de la Seneca Anticafe (str. Arhitect Ion Mincu, nr. 1).<\/p>\n<p id=\"p-11\">Participan\u021bii inten\u021bioneaz\u0103 s\u0103 discute impactul poten\u021bial al m\u0103surilor asupra structurii \u0219i profilului uneia dintre cele mai mari universit\u0103\u021bi de stat din Rom\u00e2nia \u0219i s\u0103 cear\u0103 Senatului \u0219i conducerii institu\u021biei s\u0103 reanalizeze criteriile de admitere \u0219i evaluare intern\u0103 a programelor de studiu.<\/p>\n","protected":false},"excerpt":{"rendered":"<p>Cadre didactice de la Universitatea din Bucure\u0219ti avertizeaz\u0103 c\u0103 o decizie a conducerii institu\u021biei ar putea pune \u00een pericol existen\u021ba mai multor programe de studii de licen\u021b\u0103 \u0219i masterat, unele &hellip; <a href=\"https:\/\/microscopemedia.com\/?p=681658\" class=\"more-link\">Read More<\/a><\/p>\n","protected":false},"author":1,"featured_media":681659,"comment_status":"closed","ping_status":"closed","sticky":false,"template":"Default","format":"standard","meta":[],"categories":[1],"tags":[],"_links":{"self":[{"href":"https:\/\/microscopemedia.com\/index.php?rest_route=\/wp\/v2\/posts\/681658"}],"collection":[{"href":"https:\/\/microscopemedia.com\/index.php?rest_route=\/wp\/v2\/posts"}],"about":[{"href":"https:\/\/microscopemedia.com\/index.php?rest_route=\/wp\/v2\/types\/post"}],"author":[{"embeddable":true,"href":"https:\/\/microscopemedia.com\/index.php?rest_route=\/wp\/v2\/users\/1"}],"replies":[{"embeddable":true,"href":"https:\/\/microscopemedia.com\/index.php?rest_route=%2Fwp%2Fv2%2Fcomments&post=681658"}],"version-history":[{"count":0,"href":"https:\/\/microscopemedia.com\/index.php?rest_route=\/wp\/v2\/posts\/681658\/revisions"}],"wp:featuredmedia":[{"embeddable":true,"href":"https:\/\/microscopemedia.com\/index.php?rest_route=\/wp\/v2\/media\/681659"}],"wp:attachment":[{"href":"https:\/\/microscopemedia.com\/index.php?rest_route=%2Fwp%2Fv2%2Fmedia&parent=681658"}],"wp:term":[{"taxonomy":"category","embeddable":true,"href":"https:\/\/microscopemedia.com\/index.php?rest_route=%2Fwp%2Fv2%2Fcategories&post=681658"},{"taxonomy":"post_tag","embeddable":true,"href":"https:\/\/microscopemedia.com\/index.php?rest_route=%2Fwp%2Fv2%2Ftags&post=681658"}],"curies":[{"name":"wp","href":"https:\/\/api.w.org\/{rel}","templated":true}]}}