{"id":681664,"date":"2026-03-13T15:36:07","date_gmt":"2026-03-13T15:36:07","guid":{"rendered":"https:\/\/microscopemedia.com\/?p=681664"},"modified":"2026-03-13T15:36:07","modified_gmt":"2026-03-13T15:36:07","slug":"lukasenko-avertizeaza-nato-si-ucraina-belarus-ar-putea-folosi-racheta-oresnik-in-caz-de-atac","status":"publish","type":"post","link":"https:\/\/microscopemedia.com\/?p=681664","title":{"rendered":"Luka\u0219enko avertizeaz\u0103 NATO \u0219i Ucraina: Belarus ar putea folosi racheta \u201eOre\u0219nik\u201d \u00een caz de atac"},"content":{"rendered":"<div><img decoding=\"async\" src=\"https:\/\/microscopemedia.com\/wp-content\/uploads\/2026\/03\/lukasenko-avertizeaza-nato-si-ucraina-belarus-ar-putea-folosi-racheta-oresnik-in-caz-de-atac.jpg\" class=\"ff-og-image-inserted\"><\/div>\n<p id=\"p-0\">Liderul Belarusului, <span class=\"hover:entity-accent entity-underline inline cursor-pointer align-baseline\"><span class=\"whitespace-normal\">Alexander Luka\u0219enko<\/span><\/span>, a transmis un avertisment c\u0103tre statele occidentale \u0219i c\u0103tre <span class=\"hover:entity-accent entity-underline inline cursor-pointer align-baseline\"><span class=\"whitespace-normal\">Ucraina<\/span><\/span>. El a spus c\u0103 \u021bara sa ar putea folosi sistemul rusesc de rachete \u201eOre\u0219nik\u201d, care are capacitate nuclear\u0103, dac\u0103 NATO sau Ucraina ar lovi obiective situate pe teritoriul belarus, scrie <a href=\"https:\/\/www.kyivpost.com\/post\/71898\">Kyiv Post<\/a>.<\/p>\n<p id=\"p-1\">Declara\u021bia a ap\u0103rut ca reac\u021bie la afirma\u021biile f\u0103cute de pre\u0219edintele ucrainean, Volodimir Zelenski.<\/p>\n<p data-start=\"546\" data-end=\"927\" id=\"p-2\">La \u00eenceputul lunii februarie, \u00eentr-un interviu acordat publica\u021biei belaruse <span class=\"hover:entity-accent entity-underline inline cursor-pointer align-baseline\"><span class=\"whitespace-normal\">Zerkalo<\/span><\/span>, liderul ucrainean a spus c\u0103 Rusia \u0219i Belarus creeaz\u0103 un \u201espectacol\u201d \u00een jurul amplas\u0103rii sistemului de rachete Ore\u0219nik \u00een Belarus.<\/p>\n<p data-start=\"546\" data-end=\"927\" id=\"p-3\">Zelenski a declarat indirect c\u0103 aceast\u0103 arm\u0103 ar putea fi considerat\u0103 o \u021bint\u0103 legitim\u0103 pentru <span class=\"hover:entity-accent entity-underline inline cursor-pointer align-baseline\"><span class=\"whitespace-normal\">NATO<\/span><\/span>.<\/p>\n<p data-start=\"929\" data-end=\"1119\" id=\"p-4\">\u201eEl (Alexander Luka\u0219enko) nu ar trebui s\u0103 fac\u0103 jocuri, deoarece dup\u0103 ace\u0219ti pa\u0219i, ru\u0219ii vor aduce Ore\u0219nik pe teritoriul belarus f\u0103r\u0103 m\u0103car s\u0103-l consulte pe Luka\u0219enko\u201d, a spus Zelenski.<\/p>\n<p data-start=\"1121\" data-end=\"1352\" id=\"p-5\">Liderul belarus a calificat aceast\u0103 declara\u021bie drept o afirma\u021bie f\u0103r\u0103 sens \u0219i a spus c\u0103 statul s\u0103u nu inten\u021bioneaz\u0103 s\u0103 atace capitalele vecine, dar \u00ee\u0219i va ap\u0103ra teritoriul \u00een cazul unei amenin\u021b\u0103ri.<\/p>\n<p data-start=\"1354\" data-end=\"1525\" id=\"p-6\">\u201eNu spun c\u0103 vom ataca Vilnius, Var\u0219ovia sau Kievul cu acest \u00abOre\u0219nik\u00bb m\u00e2ine. Doamne fere\u0219te. Nu este sarcina noastr\u0103\u201d, a declarat Luka\u0219enko, vorbind cu jurnali\u0219tii, vineri.<\/p>\n<p data-start=\"1527\" data-end=\"1710\" id=\"p-7\">El a explicat c\u0103 obiectivul principal al Belarusului const\u0103 \u00een protejarea propriei securit\u0103\u021bi. Totodat\u0103, a avertizat c\u0103 orice interven\u021bie extern\u0103 ar putea declan\u0219a un r\u0103spuns militar.<\/p>\n<p data-start=\"1712\" data-end=\"1915\" id=\"p-8\">\u201eSarcina noastr\u0103 este s\u0103 ne ap\u0103r\u0103m \u021bara. Dar dac\u0103 nu vre\u021bi ca \u00abOre\u0219nikul\u00bb s\u0103 loveasc\u0103, atunci nu interveni\u021bi \u00een rela\u021bia noastr\u0103, nici din Ucraina, nici din Polonia, nici din Lituania, nici din Letonia.\u201d<\/p>\n<p data-start=\"1917\" data-end=\"2134\" id=\"p-9\">Luka\u0219enko a mai precizat c\u0103 autorit\u0103\u021bile de la Minsk nu vor ignora atacurile asupra infrastructurii militare din Belarus, amenin\u021b\u00e2nd cu mijloace prin care ar putea r\u0103spunde unor astfel de ac\u021biuni.<\/p>\n<p data-start=\"2320\" data-end=\"2616\" id=\"p-10\">Potrivit informa\u021biilor ap\u0103rute \u00een spa\u021biul public, <span class=\"hover:entity-accent entity-underline inline cursor-pointer align-baseline\"><span class=\"whitespace-normal\">Rusia<\/span><\/span> ar fi amplasat noul sistem de rachete \u00een Belarus la sf\u00e2r\u0219itul anului 2025. \u00cen cadrul discursului anual sus\u021binut \u00een decembrie, Luka\u0219enko a confirmat c\u0103 arma a ajuns \u00een \u021bar\u0103 \u0219i a intrat \u00een serviciu opera\u021bional.<\/p>\n<p data-start=\"2618\" data-end=\"2706\" id=\"p-11\">\u201eOre\u0219nikul se afl\u0103 \u00een Belarus de ieri. \u0218i intr\u0103 \u00een serviciu de lupt\u0103\u201d, a spus Luka\u0219enko.<\/p>\n","protected":false},"excerpt":{"rendered":"<p>Liderul Belarusului, Alexander Luka\u0219enko, a transmis un avertisment c\u0103tre statele occidentale \u0219i c\u0103tre Ucraina. El a spus c\u0103 \u021bara sa ar putea folosi sistemul rusesc de rachete \u201eOre\u0219nik\u201d, care are &hellip; <a href=\"https:\/\/microscopemedia.com\/?p=681664\" class=\"more-link\">Read More<\/a><\/p>\n","protected":false},"author":1,"featured_media":681665,"comment_status":"closed","ping_status":"closed","sticky":false,"template":"Default","format":"standard","meta":[],"categories":[1],"tags":[],"_links":{"self":[{"href":"https:\/\/microscopemedia.com\/index.php?rest_route=\/wp\/v2\/posts\/681664"}],"collection":[{"href":"https:\/\/microscopemedia.com\/index.php?rest_route=\/wp\/v2\/posts"}],"about":[{"href":"https:\/\/microscopemedia.com\/index.php?rest_route=\/wp\/v2\/types\/post"}],"author":[{"embeddable":true,"href":"https:\/\/microscopemedia.com\/index.php?rest_route=\/wp\/v2\/users\/1"}],"replies":[{"embeddable":true,"href":"https:\/\/microscopemedia.com\/index.php?rest_route=%2Fwp%2Fv2%2Fcomments&post=681664"}],"version-history":[{"count":0,"href":"https:\/\/microscopemedia.com\/index.php?rest_route=\/wp\/v2\/posts\/681664\/revisions"}],"wp:featuredmedia":[{"embeddable":true,"href":"https:\/\/microscopemedia.com\/index.php?rest_route=\/wp\/v2\/media\/681665"}],"wp:attachment":[{"href":"https:\/\/microscopemedia.com\/index.php?rest_route=%2Fwp%2Fv2%2Fmedia&parent=681664"}],"wp:term":[{"taxonomy":"category","embeddable":true,"href":"https:\/\/microscopemedia.com\/index.php?rest_route=%2Fwp%2Fv2%2Fcategories&post=681664"},{"taxonomy":"post_tag","embeddable":true,"href":"https:\/\/microscopemedia.com\/index.php?rest_route=%2Fwp%2Fv2%2Ftags&post=681664"}],"curies":[{"name":"wp","href":"https:\/\/api.w.org\/{rel}","templated":true}]}}