{"id":681686,"date":"2026-03-13T17:36:04","date_gmt":"2026-03-13T17:36:04","guid":{"rendered":"https:\/\/microscopemedia.com\/?p=681686"},"modified":"2026-03-13T17:36:04","modified_gmt":"2026-03-13T17:36:04","slug":"deputatii-europeni-isi-dau-bani-de-unii-singuri-de-ziua-europei-este-incredibil-de-usor-sa-iei-bani-fara-sa-faci-nimic","status":"publish","type":"post","link":"https:\/\/microscopemedia.com\/?p=681686","title":{"rendered":"Deputa\u021bii europeni \u00ee\u0219i dau bani de unii singuri, de \u201eZiua Europei\u201d \/ \u201eEste incredibil de u\u0219or s\u0103 iei bani f\u0103r\u0103 s\u0103 faci nimic\u201d"},"content":{"rendered":"<div><img decoding=\"async\" src=\"https:\/\/microscopemedia.com\/wp-content\/uploads\/2026\/03\/deputatii-europeni-isi-dau-bani-de-unii-singuri-de-ziua-europei-este-incredibil-de-usor-sa-iei-bani-fara-sa-faci-nimic.jpg\" class=\"ff-og-image-inserted\"><\/div>\n<p id=\"p-0\">Membrii <a href=\"https:\/\/www.mediafax.ro\/externe\/parlamentul-european-cere-crearea-unei-piete-unice-a-apararii-in-uniunea-europeana-raportul-a-fost-aprobat-miercuri-23701047\">Parlamentului European<\/a> au decis s\u0103-\u0219i acorde un bonus de prezen\u021b\u0103 de 359 de euro pentru participarea la evenimente publice ocazionate de 9 mai, zi ce marcheaz\u0103 \u201eZiua Europei\u201d, relateaz\u0103 Euractiv.<\/p>\n<p id=\"p-1\">Aceast\u0103 indemniza\u021bie zilnic\u0103 de prezen\u021b\u0103 este deja legiferat\u0103, dar se refer\u0103 la zilele \u00een care deputa\u021bii desf\u0103\u0219oar\u0103 activit\u0103\u021bi parlamentare \u0219i numai \u00een zilele lucr\u0103toare.<\/p>\n<p id=\"p-2\">Deputata francez\u0103 de centru Fabienne Keller, care se ocup\u0103 de chestiuni administrative \u0219i financiare pentru eurodeputa\u021bi, le-a trimis colegilor s\u0103i un e-mail pe 6 martie \u00een care le explic\u0103 faptul c\u0103 vor avea op\u021biunea de a semna registrul de prezen\u021b\u0103 pe 9 mai, zi de s\u00e2mb\u0103t\u0103, nelucr\u0103toare oficial, pentru a primi 359 de euro.<\/p>\n<h2 id=\"chapter-0\">\u201eEste incredibil de u\u0219or s\u0103 prime\u0219ti bani f\u0103r\u0103 s\u0103 faci nimic\u201d<\/h2>\n<p id=\"p-3\">Documentul a fost citit \u0219i de publica\u021bia citat\u0103, care scrie c\u0103 o surs\u0103 din cadrul Parlamentului a comentat \u201eJean Monnet (unul dintre arhitec\u021bii integr\u0103rii europene, n. red.) se r\u0103suce\u0219te \u00een morm\u00e2nt\u201d, f\u0103c\u00e2nd aluzie la faptul c\u0103 mul\u021bi eurodeputa\u021bi vor profita, probabil, de modificarea regulamentului pentru a semna registrul f\u0103r\u0103 s\u0103 participe la evenimentele ocazionate de \u201eZiua Europei\u201d, iar banii s\u0103 le intre \u00een cont.<\/p>\n<p id=\"p-4\">\u201eEste incredibil de u\u0219or s\u0103 te joci pur \u0219i simplu cu sistemul \u0219i s\u0103 te duci s\u0103 prime\u0219ti bani f\u0103r\u0103 s\u0103 faci nimic\u201d, a comentat un europarlamentar.<\/p>\n<p id=\"p-5\">\u201eZiua Europei\u201d anual\u0103 a Parlamentului marcheaz\u0103 aniversarea Declara\u021biei Schuman din 1950, care a pus bazele UE.<\/p>\n<p id=\"p-6\">\u00cen 2025,&nbsp;vizitatorii&nbsp;Parlamentului din Bruxelles au vizitat hemiciclul \u0219i au ascultat un discurs al pre\u0219edintei Roberta Metsola.<\/p>\n<p id=\"p-7\">\u201eZiua Europei\u201d este marcat\u0103 \u0219i de alte institu\u021bii ale UE.<\/p>\n<h2 id=\"chapter-1\">\u00cent\u00e2lnire cu u\u0219ile \u00eenchise ale deputa\u021bilor europeni<\/h2>\n<p id=\"p-8\">Evenimente vor avea loc \u00een \u00eentreaga UE \u0219i \u00een cele trei sedii principale ale Parlamentului. Evenimentele vor avea loc pe 9 mai la Bruxelles \u0219i Luxemburg, \u00een timp ce Strasbourg va g\u0103zdui evenimentele sale pe 17 mai.<\/p>\n<p id=\"p-9\">Deputa\u021bii europeni s-au \u00eent\u00e2lnit s\u0103pt\u0103m\u00e2na trecut\u0103 cu u\u0219ile \u00eenchise pentru a discuta modific\u0103rile aduse beneficiilor financiare pe care le primesc pe l\u00e2ng\u0103 salariile lor obi\u0219nuite, cum ar fi rambursarea costurilor de c\u0103l\u0103torie.<\/p>\n<p id=\"p-10\">Noul grup de lucru examineaz\u0103, de asemenea, dac\u0103 s\u0103 majoreze indemniza\u021bia zilnic\u0103 de prezen\u021b\u0103 de 359 de euro pentru a o alinia la infla\u021bie.<\/p>\n<h2 id=\"chapter-2\">\u201eO practic\u0103 \u2013 standard\u201d<\/h2>\n<p id=\"p-11\">Pe de alt\u0103 parte, un purt\u0103tor de cuv\u00e2nt al Parlamentului European a declarat c\u0103 acordarea indemniza\u021biei de \u201eZiua Europei\u201d este \u201eo practic\u0103 standard\u201d.<\/p>\n<p id=\"p-12\">\u201e\u00cen calitate de reprezentan\u021bi ale\u0219i, \u00eent\u00e2lnirile \u0219i interac\u021biunile cu cet\u0103\u021benii fac parte integrant\u0103 din \u00eendatoririle parlamentare ale deputa\u021bilor \u0219i din exercitarea mandatului lor\u201d, a ad\u0103ugat purt\u0103torul de cuv\u00e2nt.<\/p>\n","protected":false},"excerpt":{"rendered":"<p>Membrii Parlamentului European au decis s\u0103-\u0219i acorde un bonus de prezen\u021b\u0103 de 359 de euro pentru participarea la evenimente publice ocazionate de 9 mai, zi ce marcheaz\u0103 \u201eZiua Europei\u201d, relateaz\u0103 &hellip; <a href=\"https:\/\/microscopemedia.com\/?p=681686\" class=\"more-link\">Read More<\/a><\/p>\n","protected":false},"author":1,"featured_media":681687,"comment_status":"closed","ping_status":"closed","sticky":false,"template":"Default","format":"standard","meta":[],"categories":[1],"tags":[],"_links":{"self":[{"href":"https:\/\/microscopemedia.com\/index.php?rest_route=\/wp\/v2\/posts\/681686"}],"collection":[{"href":"https:\/\/microscopemedia.com\/index.php?rest_route=\/wp\/v2\/posts"}],"about":[{"href":"https:\/\/microscopemedia.com\/index.php?rest_route=\/wp\/v2\/types\/post"}],"author":[{"embeddable":true,"href":"https:\/\/microscopemedia.com\/index.php?rest_route=\/wp\/v2\/users\/1"}],"replies":[{"embeddable":true,"href":"https:\/\/microscopemedia.com\/index.php?rest_route=%2Fwp%2Fv2%2Fcomments&post=681686"}],"version-history":[{"count":0,"href":"https:\/\/microscopemedia.com\/index.php?rest_route=\/wp\/v2\/posts\/681686\/revisions"}],"wp:featuredmedia":[{"embeddable":true,"href":"https:\/\/microscopemedia.com\/index.php?rest_route=\/wp\/v2\/media\/681687"}],"wp:attachment":[{"href":"https:\/\/microscopemedia.com\/index.php?rest_route=%2Fwp%2Fv2%2Fmedia&parent=681686"}],"wp:term":[{"taxonomy":"category","embeddable":true,"href":"https:\/\/microscopemedia.com\/index.php?rest_route=%2Fwp%2Fv2%2Fcategories&post=681686"},{"taxonomy":"post_tag","embeddable":true,"href":"https:\/\/microscopemedia.com\/index.php?rest_route=%2Fwp%2Fv2%2Ftags&post=681686"}],"curies":[{"name":"wp","href":"https:\/\/api.w.org\/{rel}","templated":true}]}}