{"id":681688,"date":"2026-03-13T17:46:04","date_gmt":"2026-03-13T17:46:04","guid":{"rendered":"https:\/\/microscopemedia.com\/?p=681688"},"modified":"2026-03-13T17:46:04","modified_gmt":"2026-03-13T17:46:04","slug":"presedintele-sua-anunta-noi-lovituri-puternice-in-iran-in-zilele-urmatoare-ce-spune-despre-regimul-de-la-teheran-proteste-si-despre-ajutorul-oferit-de-ucraina","status":"publish","type":"post","link":"https:\/\/microscopemedia.com\/?p=681688","title":{"rendered":"Pre\u0219edintele SUA anun\u021b\u0103 noi lovituri \u201eputernice\u201d \u00een Iran \u00een zilele urm\u0103toare. Ce spune despre regimul de la Teheran, proteste \u0219i despre ajutorul oferit de Ucraina"},"content":{"rendered":"<div><img decoding=\"async\" src=\"https:\/\/microscopemedia.com\/wp-content\/uploads\/2026\/03\/presedintele-sua-anunta-noi-lovituri-puternice-in-iran-in-zilele-urmatoare-ce-spune-despre-regimul-de-la-teheran-proteste-si-despre-ajutorul-oferit-de-ucraina.jpg\" class=\"ff-og-image-inserted\"><\/div>\n<h2 id=\"chapter-0\">\u201eFinalul va fi c\u00e2nd voi sim\u021bi, \u00een sinea mea\u201d<\/h2>\n<p class=\"p1\" id=\"p-0\">\u201eSuntem mult \u00eenaintea planific\u0103rii. Mult, mult \u00eenainte a ceea ce pl\u0103nuisem. (\u2026) \u00cei vom foarte lovi puternic s\u0103pt\u0103m\u00e2na viitoare. Trebuie s\u0103 vede\u021bi ce se va \u00eent\u00e2mpla \u00een urm\u0103toarele zile\u201d, <span><strong><a href=\"https:\/\/www.foxnews.com\/video\/6390858838112\">avertizeaz\u0103&nbsp;pre\u0219edintele SUA, Donald Trump<\/a><\/strong><\/span>.<\/p>\n<p class=\"p1\" id=\"p-1\">\u201eNu va mai dura mult\u201d spune el. \u201eC\u00e2nd vei \u0219ti c\u0103 este finalul?\u201d, a fost \u00eentrebat pre\u0219edintele SUA. \u201eC\u00e2nd voi \u0219ti c\u0103 este finalul? C\u00e2nd voi sim\u021bi. Voi sim\u021bi sinea mea\u201d, a r\u0103spuns Trump.<\/p>\n<h2 class=\"p1\" id=\"chapter-1\">De ce nu protesteaz\u0103 iranienii? C\u00e2nd pic\u0103 regimul?<\/h2>\n<p class=\"p1\" id=\"p-2\">Liderul american spune c\u0103 nu este suprins c\u0103 iranienii nu ies pe strad\u0103 s\u0103 protesteze \u00eempotriva regimului, pentru c\u0103 sistemul de la Teheran controleaz\u0103 \u00eenc\u0103 \u021bara:<\/p>\n<p class=\"p1\" id=\"p-3\">\u201e\u00cemi spui c\u0103 sunt oameni cu mitraliere care \u00eempu\u0219c\u0103.<span class=\"Apple-converted-space\">&nbsp; <\/span>Spun c\u0103 oricine protesteaz\u0103 va fi omor\u00e2t pe strad\u0103.<span class=\"Apple-converted-space\">&nbsp; <\/span>Au, literalmente, oameni pe str\u0103zi care mitraliaz\u0103 oamenii dac\u0103 ace\u0219tia vor s\u0103 protesteze, bine? E un prag destul de ridicat ca s\u0103 po\u021bi spune: \u201eVreau s\u0103 ies \u00een strad\u0103 \u0219i s\u0103 protestez\u201d.<\/p>\n<p class=\"p1\" id=\"p-4\">Pre\u0219edintele SUA a fost \u00eentrebat de jurnalist c\u00e2nd crede c\u0103 va pica regimul de la Teheran. Trump a r\u0103spuns:<\/p>\n<p class=\"p1\" id=\"p-5\">\u201eSe va \u00eent\u00e2mpla, dar probabil c\u0103 nu imediat. Cine s\u0103 fac\u0103 asta? Au oameni cu mitraliere care \u00eempu\u0219c\u0103 oamenii dac\u0103 vor s\u0103 protesteze\u201d.<\/p>\n<p class=\"p1\" id=\"p-6\">\u0218eful administra\u021biei americane spune c\u0103 administra\u021bia de la Teheran va fi \u00eentr-o \u201estare tot mai proast\u0103\u201d iar America are \u201emuni\u021bie nelimitat\u0103\u201d, contrazic\u00e2nd rapoartele media interna\u021bionale.<\/p>\n<p class=\"p1\" id=\"p-7\">Trump a dezv\u0103luit \u00een emisiune spune c\u0103 SUA are imagini despre oamenii care au \u00eempu\u0219cat protestatarii \u00een Iran. \u201eEste vorba de 32.000 de oameni. Ne vom ocupa de ei\u201d, avertizeaz\u0103 \u0219eful administra\u021biei de la Washington, dar dup\u0103 ce se termin\u0103 r\u0103zboiul.<\/p>\n<h2 class=\"p1\" id=\"chapter-2\">\u201e\u00cencerc\u0103m s\u0103 fim amabili cu Iranul\u201d<\/h2>\n<p class=\"p1\" id=\"p-8\">Donald spune c\u0103 administra\u021bia SUA ar putea desf\u0103\u0219ura bombardamente \u0219i asupra altor zone de infrastructur\u0103 iraniene, dar este \u201epoliticoas\u0103\u201d, nu vrea s\u0103 distrug\u0103 Iranul de tot:<\/p>\n<p class=\"p1\" id=\"p-9\">\u201eSuntem politico\u0219i. Pot s\u0103 distrugem anumite obiective \u00een urm\u0103toarea or\u0103.<\/p>\n<p class=\"p1\" id=\"p-10\">\u00centr-o or\u0103, ve\u021bi citi despre scoaterea din func\u021biune a centralelor electrice care produc electricitate. Am putea face lucruri care ar fi at\u00e2t de rele \u00eenc\u00e2t na\u021biunile nu ar mai putea fi niciodat\u0103 reconstruite. Nu facem asta. \u00cencerc\u0103m s\u0103 fim amabili \u00een privin\u021ba asta\u201d.<\/p>\n<p class=\"p1\" id=\"p-11\">Pre\u0219edintele american a fost \u00eentrebat de jurnalistul Fox \u0219i despre <span><strong><a href=\"https:\/\/www.mediafax.ro\/stirile-zilei\/tuturor-le-este-frica-de-ce-lui-marco-rubio-ii-ies-pantofii-din-picioare-23700850\">problema pantofilor din Casa Alb\u0103 pe care \u00eei ofer\u0103 cadou oficialilor<\/a>.<\/strong><\/span><\/p>\n<p class=\"p1\" id=\"p-12\">\u201eC\u00e2nd \u00eemi spun c\u0103 au o problem\u0103, le spun: \u201eStai s\u0103-\u021bi iau o pereche de pantofi\u201d. Se pare c\u0103 merge destul de bine. Acum arat\u0103 to\u021bi elegant \u0219i dr\u0103gu\u021bi.<\/p>\n<p class=\"p1\" id=\"p-13\">Nu-mi place niciodat\u0103 ca membrii Cabinetului s\u0103 intre \u00een cas\u0103 \u00een pantofi sport. Pantofii sport sunt minuna\u021bi, dar nu vreau ca membrii Cabinetului s\u0103 poarte pantofi sport, a\u0219a c\u0103 le voi lua o pereche de pantofi. Este un cadou de la Donald Trump\u201d, declar\u0103 liderul SUA.<\/p>\n<h2 class=\"p1\" id=\"chapter-3\"><b>\u201eNu avem nevoie de ajutorul Ucrainei\u201d<\/b><b><\/b><\/h2>\n<p class=\"p1\" id=\"p-14\">Trump crede c\u0103 Vladimir Putin, liderul rus, \u201eajut\u0103 pu\u021bin\u201d<span class=\"Apple-converted-space\">&nbsp; <\/span>Iranul, dar \u0219i SUA ajut\u0103 Ucraina. \u201e\u0218i China ar spune acela\u0219i lucru\u201d, recunoa\u0219te Trump.<\/p>\n<p class=\"p1\" id=\"p-15\">\u201eEi o fac \u0219i noi o facem, ca s\u0103 fim corec\u021bi\u201d, spune liderul de la Casa Alb\u0103.<\/p>\n<p class=\"p1\" id=\"p-16\">\u00centrebat de ajutorul pe care Ucraina \u00eel ofer\u0103 SUA \u00een lupta \u00eempotriva dronelor iraniene, Donald Trump a spus c\u0103 America n-are nevoie de ajutorul Kievului.<\/p>\n<p class=\"p1\" id=\"p-17\">\u201eNu avem nevoie de ajutorul lor \u00een ap\u0103rarea \u00eempotriva dronelor. \u0218tim mai multe despre drone dec\u00e2t oricine.<span class=\"Apple-converted-space\">&nbsp; <\/span>De fapt, avem cele mai bune drone din lume\u201d, sus\u021bine Trump.<\/p>\n","protected":false},"excerpt":{"rendered":"<p>\u201eFinalul va fi c\u00e2nd voi sim\u021bi, \u00een sinea mea\u201d \u201eSuntem mult \u00eenaintea planific\u0103rii. Mult, mult \u00eenainte a ceea ce pl\u0103nuisem. (\u2026) \u00cei vom foarte lovi puternic s\u0103pt\u0103m\u00e2na viitoare. Trebuie s\u0103 &hellip; <a href=\"https:\/\/microscopemedia.com\/?p=681688\" class=\"more-link\">Read More<\/a><\/p>\n","protected":false},"author":1,"featured_media":681689,"comment_status":"closed","ping_status":"closed","sticky":false,"template":"Default","format":"standard","meta":[],"categories":[1],"tags":[],"_links":{"self":[{"href":"https:\/\/microscopemedia.com\/index.php?rest_route=\/wp\/v2\/posts\/681688"}],"collection":[{"href":"https:\/\/microscopemedia.com\/index.php?rest_route=\/wp\/v2\/posts"}],"about":[{"href":"https:\/\/microscopemedia.com\/index.php?rest_route=\/wp\/v2\/types\/post"}],"author":[{"embeddable":true,"href":"https:\/\/microscopemedia.com\/index.php?rest_route=\/wp\/v2\/users\/1"}],"replies":[{"embeddable":true,"href":"https:\/\/microscopemedia.com\/index.php?rest_route=%2Fwp%2Fv2%2Fcomments&post=681688"}],"version-history":[{"count":0,"href":"https:\/\/microscopemedia.com\/index.php?rest_route=\/wp\/v2\/posts\/681688\/revisions"}],"wp:featuredmedia":[{"embeddable":true,"href":"https:\/\/microscopemedia.com\/index.php?rest_route=\/wp\/v2\/media\/681689"}],"wp:attachment":[{"href":"https:\/\/microscopemedia.com\/index.php?rest_route=%2Fwp%2Fv2%2Fmedia&parent=681688"}],"wp:term":[{"taxonomy":"category","embeddable":true,"href":"https:\/\/microscopemedia.com\/index.php?rest_route=%2Fwp%2Fv2%2Fcategories&post=681688"},{"taxonomy":"post_tag","embeddable":true,"href":"https:\/\/microscopemedia.com\/index.php?rest_route=%2Fwp%2Fv2%2Ftags&post=681688"}],"curies":[{"name":"wp","href":"https:\/\/api.w.org\/{rel}","templated":true}]}}